{"id":16894,"date":"2025-07-05T02:04:25","date_gmt":"2025-07-05T05:04:25","guid":{"rendered":"https:\/\/www.correiodascidades.com.br\/v1\/?p=16894"},"modified":"2025-07-05T02:04:25","modified_gmt":"2025-07-05T05:04:25","slug":"motorista-de-caminhao-tem-mal-subito-e-morre-na-br-324","status":"publish","type":"post","link":"https:\/\/www.correiodascidades.com.br\/v1\/2025\/07\/05\/motorista-de-caminhao-tem-mal-subito-e-morre-na-br-324\/","title":{"rendered":"Motorista de caminh\u00e3o tem mal s\u00fabito e morre na BR-324"},"content":{"rendered":"<div class=\"flex flex-col w-full font-normal text-[18px] leading-[30px] text-tw-theme-text-default\">\n<p>\u00a0 \u00a0 \u00a0 \u00a0 \u00a0 \u00a0 \u00a0 \u00a0 \u00a0 \u00a0 \u00a0 \u00a0 \u00a0 \u00a0 \u00a0 \u00a0 \u00a0 <img loading=\"lazy\" class=\"\" src=\"https:\/\/www.correiodascidades.com.br\/v1\/wp-content\/uploads\/2025\/07\/movimento-na-br-324-na-volta-do-sao-joao-2784302-article.jpeg\" width=\"621\" height=\"414\" \/><\/p>\n<p id=\"paragrafo-k7xhsg7r8w\">O motorista de um ve\u00edculo de carga passou mal nesta sexta-feira (4) e n\u00e3o resistiu enquanto trafegava pela BR-324, na altura de Sim\u00f5es Filho, na Regi\u00e3o Metropolitana de Salvador (RMS).<\/p>\n<\/div>\n<p><!--more--><\/p>\n<div class=\"article_mrec_destaque sticky\">\n<div id=\"internas_336x280_01\" data-google-query-id=\"CIPr5__3pI4DFZ9K3QIdr6c2JA\">egundo informa\u00e7\u00f5es da Pol\u00edcia Rodovi\u00e1ria Federal (PRF), a v\u00edtima teve o mal s\u00fabito e veio a \u00f3bito no acostamento da rodovia, no sentido capital x interior. A PRF informou que houve o atendimento pela Unidade de Resgate, mas sem sucesso.<\/div>\n<div data-google-query-id=\"CIPr5__3pI4DFZ9K3QIdr6c2JA\">A ocorr\u00eancia foi registrada no Km 600, por volta das 17h. O nome a idade da v\u00edtima n\u00e3o foram divulgados.<\/div>\n<\/div>\n","protected":false},"excerpt":{"rendered":"<p>\u00a0 \u00a0 \u00a0 \u00a0 \u00a0 \u00a0 \u00a0 \u00a0 \u00a0 \u00a0 \u00a0 \u00a0 \u00a0 \u00a0 \u00a0 \u00a0 \u00a0 O motorista de um ve\u00edculo de carga passou mal nesta sexta-feira (4) e n\u00e3o resistiu enquanto trafegava pela BR-324, na altura de Sim\u00f5es Filho, na Regi\u00e3o Metropolitana de Salvador (RMS).<\/p>\n","protected":false},"author":3,"featured_media":16896,"comment_status":"closed","ping_status":"closed","sticky":false,"template":"","format":"standard","meta":{"_links_to":"","_links_to_target":""},"categories":[1],"tags":[],"_links":{"self":[{"href":"https:\/\/www.correiodascidades.com.br\/v1\/wp-json\/wp\/v2\/posts\/16894"}],"collection":[{"href":"https:\/\/www.correiodascidades.com.br\/v1\/wp-json\/wp\/v2\/posts"}],"about":[{"href":"https:\/\/www.correiodascidades.com.br\/v1\/wp-json\/wp\/v2\/types\/post"}],"author":[{"embeddable":true,"href":"https:\/\/www.correiodascidades.com.br\/v1\/wp-json\/wp\/v2\/users\/3"}],"replies":[{"embeddable":true,"href":"https:\/\/www.correiodascidades.com.br\/v1\/wp-json\/wp\/v2\/comments?post=16894"}],"version-history":[{"count":1,"href":"https:\/\/www.correiodascidades.com.br\/v1\/wp-json\/wp\/v2\/posts\/16894\/revisions"}],"predecessor-version":[{"id":16897,"href":"https:\/\/www.correiodascidades.com.br\/v1\/wp-json\/wp\/v2\/posts\/16894\/revisions\/16897"}],"wp:featuredmedia":[{"embeddable":true,"href":"https:\/\/www.correiodascidades.com.br\/v1\/wp-json\/wp\/v2\/media\/16896"}],"wp:attachment":[{"href":"https:\/\/www.correiodascidades.com.br\/v1\/wp-json\/wp\/v2\/media?parent=16894"}],"wp:term":[{"taxonomy":"category","embeddable":true,"href":"https:\/\/www.correiodascidades.com.br\/v1\/wp-json\/wp\/v2\/categories?post=16894"},{"taxonomy":"post_tag","embeddable":true,"href":"https:\/\/www.correiodascidades.com.br\/v1\/wp-json\/wp\/v2\/tags?post=16894"}],"curies":[{"name":"wp","href":"https:\/\/api.w.org\/{rel}","templated":true}]}}