{"id":16904,"date":"2025-07-05T17:44:27","date_gmt":"2025-07-05T20:44:27","guid":{"rendered":"https:\/\/www.correiodascidades.com.br\/v1\/?p=16904"},"modified":"2025-07-05T17:44:27","modified_gmt":"2025-07-05T20:44:27","slug":"combustiveis-ficam-mais-baratos-na-bahia-em-julho-diz-acelen","status":"publish","type":"post","link":"https:\/\/www.correiodascidades.com.br\/v1\/2025\/07\/05\/combustiveis-ficam-mais-baratos-na-bahia-em-julho-diz-acelen\/","title":{"rendered":"Combust\u00edveis ficam mais baratos na Bahia em julho, diz Acelen"},"content":{"rendered":"<p data-end=\"488\" data-start=\"230\">\u00a0 \u00a0 \u00a0 \u00a0 \u00a0 \u00a0 \u00a0 \u00a0 \u00a0 \u00a0 \u00a0 \u00a0 \u00a0 \u00a0 \u00a0 \u00a0 \u00a0 \u00a0 \u00a0 \u00a0 \u00a0 \u00a0 \u00a0 \u00a0 \u00a0 \u00a0 \u00a0 \u00a0 \u00a0 \u00a0 \u00a0<img loading=\"lazy\" class=\"\" src=\"https:\/\/www.correiodascidades.com.br\/v1\/wp-content\/uploads\/2025\/07\/70e2ca67ac7923c9818e4e4f784c-combustivel.jpeg\" width=\"611\" height=\"290\" \/><\/p>\n<p data-end=\"488\" data-start=\"230\">A Acelen, empresa respons\u00e1vel pela Refinaria de Mataripe, anunciou nesta semana uma queda no valor dos combust\u00edveis na Bahia ap\u00f3s uma redu\u00e7\u00e3o nos valores repassados \u00e0s distribuidoras.<!--more--><\/p>\n<p data-end=\"727\" data-start=\"490\">A maior queda foi registrada no diesel S500, que passou de R$ 3,25 para R$ 3,16 por litro, uma redu\u00e7\u00e3o de 2,5%. O diesel S10 caiu 2,4%, de R$ 3,45 para R$ 3,36. J\u00e1 a gasolina teve uma diminui\u00e7\u00e3o de 1,3%, saindo de R$ 2,91 para R$ 2,87.<\/p>\n<p data-end=\"857\" data-start=\"729\">O g\u00e1s liquefeito de petr\u00f3leo (GLP), o g\u00e1s de cozinha, tamb\u00e9m ficou mais barato: redu\u00e7\u00e3o de 2,1% no pre\u00e7o para as distribuidoras.<\/p>\n<p data-end=\"879\" data-start=\"859\">Segundo a Acelen, os pre\u00e7os praticados na Refinaria de Mataripe seguem crit\u00e9rios de mercado e s\u00e3o influenciados por vari\u00e1veis como o valor do petr\u00f3leo no mercado internacional, a cota\u00e7\u00e3o do d\u00f3lar e os custos de frete. Essas oscila\u00e7\u00f5es podem levar tanto a aumentos quanto a redu\u00e7\u00f5es nos pre\u00e7os.<\/p>\n<p data-end=\"1330\" data-is-last-node=\"\" data-is-only-node=\"\" data-start=\"1176\">A empresa afirmou ainda que mant\u00e9m uma pol\u00edtica de pre\u00e7os \u201ctransparente e amparada por crit\u00e9rios t\u00e9cnicos\u201d, alinhada com pr\u00e1ticas internacionais do setor.<\/p>\n","protected":false},"excerpt":{"rendered":"<p>\u00a0 \u00a0 \u00a0 \u00a0 \u00a0 \u00a0 \u00a0 \u00a0 \u00a0 \u00a0 \u00a0 \u00a0 \u00a0 \u00a0 \u00a0 \u00a0 \u00a0 \u00a0 \u00a0 \u00a0 \u00a0 \u00a0 \u00a0 \u00a0 \u00a0 \u00a0 \u00a0 \u00a0 \u00a0 \u00a0 \u00a0 A Acelen, empresa respons\u00e1vel pela Refinaria de Mataripe, anunciou nesta semana uma queda no valor dos combust\u00edveis na Bahia ap\u00f3s uma redu\u00e7\u00e3o nos valores [&hellip;]<\/p>\n","protected":false},"author":3,"featured_media":16905,"comment_status":"closed","ping_status":"closed","sticky":false,"template":"","format":"standard","meta":{"_links_to":"","_links_to_target":""},"categories":[1],"tags":[],"_links":{"self":[{"href":"https:\/\/www.correiodascidades.com.br\/v1\/wp-json\/wp\/v2\/posts\/16904"}],"collection":[{"href":"https:\/\/www.correiodascidades.com.br\/v1\/wp-json\/wp\/v2\/posts"}],"about":[{"href":"https:\/\/www.correiodascidades.com.br\/v1\/wp-json\/wp\/v2\/types\/post"}],"author":[{"embeddable":true,"href":"https:\/\/www.correiodascidades.com.br\/v1\/wp-json\/wp\/v2\/users\/3"}],"replies":[{"embeddable":true,"href":"https:\/\/www.correiodascidades.com.br\/v1\/wp-json\/wp\/v2\/comments?post=16904"}],"version-history":[{"count":1,"href":"https:\/\/www.correiodascidades.com.br\/v1\/wp-json\/wp\/v2\/posts\/16904\/revisions"}],"predecessor-version":[{"id":16906,"href":"https:\/\/www.correiodascidades.com.br\/v1\/wp-json\/wp\/v2\/posts\/16904\/revisions\/16906"}],"wp:featuredmedia":[{"embeddable":true,"href":"https:\/\/www.correiodascidades.com.br\/v1\/wp-json\/wp\/v2\/media\/16905"}],"wp:attachment":[{"href":"https:\/\/www.correiodascidades.com.br\/v1\/wp-json\/wp\/v2\/media?parent=16904"}],"wp:term":[{"taxonomy":"category","embeddable":true,"href":"https:\/\/www.correiodascidades.com.br\/v1\/wp-json\/wp\/v2\/categories?post=16904"},{"taxonomy":"post_tag","embeddable":true,"href":"https:\/\/www.correiodascidades.com.br\/v1\/wp-json\/wp\/v2\/tags?post=16904"}],"curies":[{"name":"wp","href":"https:\/\/api.w.org\/{rel}","templated":true}]}}