{"id":1691,"date":"2022-11-27T02:57:27","date_gmt":"2022-11-27T05:57:27","guid":{"rendered":"https:\/\/www.correiodascidades.com.br\/v1\/?p=1691"},"modified":"2022-11-27T02:57:27","modified_gmt":"2022-11-27T05:57:27","slug":"sindrome-edemigenica-esses-sao-os-sintomas-do-problema-de-saude-que-afetou-erasmo-carlos","status":"publish","type":"post","link":"https:\/\/www.correiodascidades.com.br\/v1\/2022\/11\/27\/sindrome-edemigenica-esses-sao-os-sintomas-do-problema-de-saude-que-afetou-erasmo-carlos\/","title":{"rendered":"S\u00edndrome edemig\u00eanica: Esses s\u00e3o os sintomas do problema de sa\u00fade que afetou Erasmo Carlos"},"content":{"rendered":"<p><img loading=\"lazy\" class=\"\" src=\"https:\/\/www.correiodascidades.com.br\/v1\/wp-content\/uploads\/2022\/11\/19F8905E1468w1024h538-e1669528609955.jpeg\" width=\"609\" height=\"319\" \/><\/p>\n<p>O cantor e compositor Erasmo Carlos havia sido internado na segunda-feira, 21, no Hospital Barra D\u2019Or, na Zona Oeste do Rio e seu estado de sa\u00fade era grave. Erasmo tinha sido internado \u00e0s pressas e entubado. <!--more--><\/p>\n<p>Erasmo tinha 81 anos de idade e j\u00e1 estava h\u00e1 alguns meses em tratamento contra a s\u00edndrome edemig\u00eanica, mas infelizmente veio a falecer.<\/p>\n<p>A S\u00edndrome edemig\u00eanica \u00e9 causada na maioria das vezes por outros problemas de sa\u00fade, como por exemplo doen\u00e7as card\u00edacas, renais e nos vasos sangu\u00edneos.<\/p>\n<p><strong>O que \u00e9 a S\u00edndrome Edemig\u00eanica?<\/strong><\/p>\n<p>O termo vem de edema e essa s\u00edndrome \u00e9 caracterizada por um incha\u00e7o generalizado, causado pelo excesso de l\u00edquido preso nos tecidos corporais.<\/p>\n<p><strong>Quais as principais causas?<\/strong><\/p>\n<p>Na maioria dos casos, a s\u00edndrome est\u00e1 relacionada a outros problemas de sa\u00fade, como o mau funcionamento dos rins, cora\u00e7\u00e3o e f\u00edgado, ou tamb\u00e9m quando o corpo apresenta desequil\u00edbrio entre as for\u00e7as bioqu\u00edmicas que s\u00e3o respons\u00e1veis pelos l\u00edquidos dos vasos<\/p>\n<p><strong>Quais os sintomas?<\/strong><\/p>\n<p>A principal manifesta\u00e7\u00e3o \u00e9 o incha\u00e7o, no entanto nem todo incha\u00e7o \u00e9 necessariamente um edema. O edema \u00e9 ac\u00famulo de l\u00edquido em baixo da pele, no subcut\u00e2neo. Na maioria dos casos \u00e9 poss\u00edvel observar incha\u00e7o generalizado ou localizado.<\/p>\n<p><strong>Como \u00e9 feito o diagn\u00f3stico?<\/strong><\/p>\n<p>O diagn\u00f3stico pode ser feito a partir de uma avalia\u00e7\u00e3o m\u00e9dica\u2026<\/p>\n<p><strong>Como tratar?<\/strong><\/p>\n<p>O tratamento \u00e9 feito com medicamentos diur\u00e9ticos (que ajuda na drenagem do l\u00edquido), di\u00e1lise, e, caso o paciente apresente incha\u00e7o, ele deve ficar com os p\u00e9s para o alto. No entanto, j\u00e1 que a doen\u00e7a pode ser causada por diferentes fatores, afinal, a s\u00edndrome edemig\u00eanica n\u00e3o \u00e9 necessariamente uma doen\u00e7a e sim um sintoma de uma doen\u00e7a e somente m\u00e9dicos especializados conseguem avaliar qual tratamento \u00e9 adequado para casos espec\u00edficos.<\/p>\n<div class=\"artcontent\">\n<p><strong>Quais os riscos de complica\u00e7\u00f5es?<\/strong><\/p>\n<p>O principal risco de alguma complica\u00e7\u00e3o \u00e9 que um edema n\u00e3o tratado pode fazer o l\u00edquido acumulado se desprender dos tecidos e consequentemente, causar a morte. Por esse motivo que o tratamento \u00e9 essencial e pode ser feito com o uso de rem\u00e9dios que ajudem a remover os excessos de l\u00edquido.<\/p>\n<\/div>\n<div id=\"xxxsskad\"><\/div>\n<p>&nbsp;<\/p>\n","protected":false},"excerpt":{"rendered":"<p>O cantor e compositor Erasmo Carlos havia sido internado na segunda-feira, 21, no Hospital Barra D\u2019Or, na Zona Oeste do Rio e seu estado de sa\u00fade era grave. Erasmo tinha sido internado \u00e0s pressas e entubado.<\/p>\n","protected":false},"author":3,"featured_media":1692,"comment_status":"closed","ping_status":"closed","sticky":false,"template":"","format":"standard","meta":{"_links_to":"","_links_to_target":""},"categories":[2],"tags":[],"_links":{"self":[{"href":"https:\/\/www.correiodascidades.com.br\/v1\/wp-json\/wp\/v2\/posts\/1691"}],"collection":[{"href":"https:\/\/www.correiodascidades.com.br\/v1\/wp-json\/wp\/v2\/posts"}],"about":[{"href":"https:\/\/www.correiodascidades.com.br\/v1\/wp-json\/wp\/v2\/types\/post"}],"author":[{"embeddable":true,"href":"https:\/\/www.correiodascidades.com.br\/v1\/wp-json\/wp\/v2\/users\/3"}],"replies":[{"embeddable":true,"href":"https:\/\/www.correiodascidades.com.br\/v1\/wp-json\/wp\/v2\/comments?post=1691"}],"version-history":[{"count":1,"href":"https:\/\/www.correiodascidades.com.br\/v1\/wp-json\/wp\/v2\/posts\/1691\/revisions"}],"predecessor-version":[{"id":1693,"href":"https:\/\/www.correiodascidades.com.br\/v1\/wp-json\/wp\/v2\/posts\/1691\/revisions\/1693"}],"wp:featuredmedia":[{"embeddable":true,"href":"https:\/\/www.correiodascidades.com.br\/v1\/wp-json\/wp\/v2\/media\/1692"}],"wp:attachment":[{"href":"https:\/\/www.correiodascidades.com.br\/v1\/wp-json\/wp\/v2\/media?parent=1691"}],"wp:term":[{"taxonomy":"category","embeddable":true,"href":"https:\/\/www.correiodascidades.com.br\/v1\/wp-json\/wp\/v2\/categories?post=1691"},{"taxonomy":"post_tag","embeddable":true,"href":"https:\/\/www.correiodascidades.com.br\/v1\/wp-json\/wp\/v2\/tags?post=1691"}],"curies":[{"name":"wp","href":"https:\/\/api.w.org\/{rel}","templated":true}]}}