{"id":16914,"date":"2025-07-05T22:07:07","date_gmt":"2025-07-06T01:07:07","guid":{"rendered":"https:\/\/www.correiodascidades.com.br\/v1\/?p=16914"},"modified":"2025-07-05T22:07:07","modified_gmt":"2025-07-06T01:07:07","slug":"prefeito-de-cidade-da-bahia-esta-na-mira-do-mpf-por-irregularidades-em-licitacao","status":"publish","type":"post","link":"https:\/\/www.correiodascidades.com.br\/v1\/2025\/07\/05\/prefeito-de-cidade-da-bahia-esta-na-mira-do-mpf-por-irregularidades-em-licitacao\/","title":{"rendered":"Prefeito de cidade da Bahia est\u00e1 na mira do MPF por irregularidades em licita\u00e7\u00e3o"},"content":{"rendered":"<p><img loading=\"lazy\" class=\"\" src=\"https:\/\/www.correiodascidades.com.br\/v1\/wp-content\/uploads\/2025\/07\/Ibitiara-na-mira-do-MPF-gestao-de-Bududa-e-alvo-de0133300100202507051637-ScaleDownProportional-_1_-1.jpeg\" width=\"571\" height=\"428\" \/><\/p>\n<p>A Prefeitura de Ibitiara, sob a gest\u00e3o do prefeito reeleito Wilson de Bududa, est\u00e1 sendo investigada pelo Minist\u00e9rio P\u00fablico Federal (<a href=\"https:\/\/atarde.com.br\/?q=MPF&amp;d=1\" target=\"_blank\" rel=\"noopener\" data-rel-defined=\"\">MPF<\/a>) por poss\u00edveis irregularidades em licita\u00e7\u00e3o e contrato de 2021. <!--more--><\/p>\n<p>A Prefeitura de Ibitiara, sob a gest\u00e3o do prefeito reeleito Wilson de Bududa, est\u00e1 sendo investigada pelo Minist\u00e9rio P\u00fablico Federal (<a href=\"https:\/\/atarde.com.br\/?q=MPF&amp;d=1\" target=\"_blank\" rel=\"noopener\" data-rel-defined=\"\">MPF<\/a>) por poss\u00edveis irregularidades em licita\u00e7\u00e3o e contrato de 2021.<\/p>\n<p>Conforme o documento de an\u00fancio, trata-se especificamente do Preg\u00e3o Presencial n\u00ba 020\/2021 e \u00e0 execu\u00e7\u00e3o do Contrato n\u00ba 166\/2021, que prev\u00ea a loca\u00e7\u00e3o de ve\u00edculos e m\u00e1quinas para uso do munic\u00edpio.<\/p>\n<p>De acordo com o MPF, h\u00e1 ind\u00edcios que justificam o aprofundamento das apura\u00e7\u00f5es quanto \u00e0 regularidade do processo licitat\u00f3rio e da execu\u00e7\u00e3o contratual. A investiga\u00e7\u00e3o pode buscar esclarecer poss\u00edveis favorecimentos, falhas na execu\u00e7\u00e3o dos servi\u00e7os contratados, al\u00e9m de ind\u00edcios de sobrepre\u00e7o e inexecu\u00e7\u00e3o parcial.<\/p>\n<p>O processo foi elevado de um Procedimento Preparat\u00f3rio \u2014 fase inicial e preliminar da apura\u00e7\u00e3o \u2014 para um Inqu\u00e9rito Civil, instrumento investigat\u00f3rio instaurado para descobrir se um direito coletivo foi violado.<\/p>\n<h2>Pr\u00f3ximos passos<\/h2>\n<p>Depois de instaurado o inqu\u00e9rito, o processo ser\u00e1 enviado ao procurador para que ele analise dois documentos espec\u00edficos e com base nisso, decida o que ser\u00e1 feito a seguir.<\/p>\n<p>A investiga\u00e7\u00e3o pode resultar no ajuizamento de uma a\u00e7\u00e3o civil p\u00fablica, caso sejam confirmadas irregularidades que configurem dano ao er\u00e1rio ou viola\u00e7\u00e3o de princ\u00edpios da administra\u00e7\u00e3o p\u00fablica.<\/p>\n","protected":false},"excerpt":{"rendered":"<p>A Prefeitura de Ibitiara, sob a gest\u00e3o do prefeito reeleito Wilson de Bududa, est\u00e1 sendo investigada pelo Minist\u00e9rio P\u00fablico Federal (MPF) por poss\u00edveis irregularidades em licita\u00e7\u00e3o e contrato de 2021.<\/p>\n","protected":false},"author":3,"featured_media":16915,"comment_status":"closed","ping_status":"closed","sticky":false,"template":"","format":"standard","meta":{"_links_to":"","_links_to_target":""},"categories":[1],"tags":[],"_links":{"self":[{"href":"https:\/\/www.correiodascidades.com.br\/v1\/wp-json\/wp\/v2\/posts\/16914"}],"collection":[{"href":"https:\/\/www.correiodascidades.com.br\/v1\/wp-json\/wp\/v2\/posts"}],"about":[{"href":"https:\/\/www.correiodascidades.com.br\/v1\/wp-json\/wp\/v2\/types\/post"}],"author":[{"embeddable":true,"href":"https:\/\/www.correiodascidades.com.br\/v1\/wp-json\/wp\/v2\/users\/3"}],"replies":[{"embeddable":true,"href":"https:\/\/www.correiodascidades.com.br\/v1\/wp-json\/wp\/v2\/comments?post=16914"}],"version-history":[{"count":1,"href":"https:\/\/www.correiodascidades.com.br\/v1\/wp-json\/wp\/v2\/posts\/16914\/revisions"}],"predecessor-version":[{"id":16916,"href":"https:\/\/www.correiodascidades.com.br\/v1\/wp-json\/wp\/v2\/posts\/16914\/revisions\/16916"}],"wp:featuredmedia":[{"embeddable":true,"href":"https:\/\/www.correiodascidades.com.br\/v1\/wp-json\/wp\/v2\/media\/16915"}],"wp:attachment":[{"href":"https:\/\/www.correiodascidades.com.br\/v1\/wp-json\/wp\/v2\/media?parent=16914"}],"wp:term":[{"taxonomy":"category","embeddable":true,"href":"https:\/\/www.correiodascidades.com.br\/v1\/wp-json\/wp\/v2\/categories?post=16914"},{"taxonomy":"post_tag","embeddable":true,"href":"https:\/\/www.correiodascidades.com.br\/v1\/wp-json\/wp\/v2\/tags?post=16914"}],"curies":[{"name":"wp","href":"https:\/\/api.w.org\/{rel}","templated":true}]}}