{"id":1695,"date":"2022-11-27T05:29:53","date_gmt":"2022-11-27T08:29:53","guid":{"rendered":"https:\/\/www.correiodascidades.com.br\/v1\/?p=1695"},"modified":"2022-11-27T07:09:26","modified_gmt":"2022-11-27T10:09:26","slug":"ilheus-crime-na-avenida-dois-julho-a-policia-ja-tem-pista-dos-executores","status":"publish","type":"post","link":"https:\/\/www.correiodascidades.com.br\/v1\/2022\/11\/27\/ilheus-crime-na-avenida-dois-julho-a-policia-ja-tem-pista-dos-executores\/","title":{"rendered":"ILH\u00c9US: Crime na Avenida dois julho a policia j\u00e1 tem pista dos executores."},"content":{"rendered":"<p>&nbsp;<\/p>\n<p><img loading=\"lazy\" class=\"\" src=\"https:\/\/www.correiodascidades.com.br\/v1\/wp-content\/uploads\/2022\/11\/2a2226f6-d93a-449e-aa59-b301922eaa92-esta-aqui.jpg\" width=\"580\" height=\"1030\" \/> O crime ocorreu em uma das ruas mais importantes do centro da cidade. Trata-se da Avenida Dois de Julho art\u00e9ria comercial \u00a0e atrativo tur\u00edstico, \u201c BATACLAN\u201d que est\u00e1 edificado na mesma \u00e1rea.<!--more--><\/p>\n<p>Em meio a tudo isso-est\u00e1 a Pra\u00e7a Jos\u00e9 Marcelino local onde o epis\u00f3dio aconteceu. Noite de s\u00e1bado 26 \u2013 11 2022. Nem mesmo a chuva empatou que o crime ocorresse.<\/p>\n<p>Um homem identificado pela policia como: Ra\u00ed de Novais Santos, cujo endere\u00e7o n\u00e3o foi informado\u00a0 foi alvejado com v\u00e1rios disparos de arma de fogo, naquela localidade.<\/p>\n<p>Para a policia, o homem foi morto e o crime tem cara de execuss\u00e3o. O crime aconteceu \u00e1s 21h a pol\u00edcia investigativa da cidade foi at\u00e9 o local\u00a0 realizar o levantamento cadav\u00e9rico, horas depois j\u00e1 tinha pistas de quem investiu contra a vida do mesmo. Estes e outros fatos que ainda podem acontecer faz parte de uma vista grossa das autoridades em rela\u00e7\u00e3o ao local. Quase todos os dias \u00e1 R\u00e1dio Santa Cruz de Ilh\u00e9us que funciona nas imedia\u00e7\u00f5es chama aten\u00e7\u00e3o para os epis\u00f3dios existente na localidade.\u00a0 (Roubo a pessoas, roubo a carros, arrombamentos em estabelecimentos), tudo isso acontece al\u00ed al\u00e9m da venda de drogas escancaradamente.<\/p>\n<p>As dilig\u00eancias est\u00e3o sendo feitas no sentido de prender os elementos e apurar os fatos.<\/p>\n<p>O caso est\u00e1 na\u00a0 S\u00e9tima Corpin.<\/p>\n<p>&nbsp;<\/p>\n<p>&nbsp;<\/p>\n<p>&nbsp;<\/p>\n","protected":false},"excerpt":{"rendered":"<p>&nbsp; O crime ocorreu em uma das ruas mais importantes do centro da cidade. Trata-se da Avenida Dois de Julho art\u00e9ria comercial \u00a0e atrativo tur\u00edstico, \u201c BATACLAN\u201d que est\u00e1 edificado na mesma \u00e1rea.<\/p>\n","protected":false},"author":3,"featured_media":1696,"comment_status":"closed","ping_status":"closed","sticky":false,"template":"","format":"standard","meta":{"_links_to":"","_links_to_target":""},"categories":[1],"tags":[],"_links":{"self":[{"href":"https:\/\/www.correiodascidades.com.br\/v1\/wp-json\/wp\/v2\/posts\/1695"}],"collection":[{"href":"https:\/\/www.correiodascidades.com.br\/v1\/wp-json\/wp\/v2\/posts"}],"about":[{"href":"https:\/\/www.correiodascidades.com.br\/v1\/wp-json\/wp\/v2\/types\/post"}],"author":[{"embeddable":true,"href":"https:\/\/www.correiodascidades.com.br\/v1\/wp-json\/wp\/v2\/users\/3"}],"replies":[{"embeddable":true,"href":"https:\/\/www.correiodascidades.com.br\/v1\/wp-json\/wp\/v2\/comments?post=1695"}],"version-history":[{"count":11,"href":"https:\/\/www.correiodascidades.com.br\/v1\/wp-json\/wp\/v2\/posts\/1695\/revisions"}],"predecessor-version":[{"id":1715,"href":"https:\/\/www.correiodascidades.com.br\/v1\/wp-json\/wp\/v2\/posts\/1695\/revisions\/1715"}],"wp:featuredmedia":[{"embeddable":true,"href":"https:\/\/www.correiodascidades.com.br\/v1\/wp-json\/wp\/v2\/media\/1696"}],"wp:attachment":[{"href":"https:\/\/www.correiodascidades.com.br\/v1\/wp-json\/wp\/v2\/media?parent=1695"}],"wp:term":[{"taxonomy":"category","embeddable":true,"href":"https:\/\/www.correiodascidades.com.br\/v1\/wp-json\/wp\/v2\/categories?post=1695"},{"taxonomy":"post_tag","embeddable":true,"href":"https:\/\/www.correiodascidades.com.br\/v1\/wp-json\/wp\/v2\/tags?post=1695"}],"curies":[{"name":"wp","href":"https:\/\/api.w.org\/{rel}","templated":true}]}}