{"id":1708,"date":"2022-11-27T06:32:53","date_gmt":"2022-11-27T09:32:53","guid":{"rendered":"https:\/\/www.correiodascidades.com.br\/v1\/?p=1708"},"modified":"2022-11-27T11:13:12","modified_gmt":"2022-11-27T14:13:12","slug":"itabuna-ira-criar-a-associacao-dos-profissionais-de-radio","status":"publish","type":"post","link":"https:\/\/www.correiodascidades.com.br\/v1\/2022\/11\/27\/itabuna-ira-criar-a-associacao-dos-profissionais-de-radio\/","title":{"rendered":"Itabuna ir\u00e1 criar a Associa\u00e7\u00e3o dos profissionais de R\u00e1dio."},"content":{"rendered":"<p>&nbsp;<\/p>\n<p><img loading=\"lazy\" class=\"\" src=\"https:\/\/www.correiodascidades.com.br\/v1\/wp-content\/uploads\/2022\/11\/transferir-4.jpeg\" width=\"607\" height=\"796\" \/><\/p>\n<p>A ideia \u00e9 do Radialista da R\u00e1dio Difusora de Itabuna Rai Nascimento. De acordo com ele, o pensamento \u00e9 unir mais a classe e claro levar o entretenimento a todos os profissionais.<\/p>\n<p>Com a decad\u00eancia dos sindicatos da categoria se faz necess\u00e1rio a cria\u00e7\u00e3o de outros instrumentos que possam dar um suporte melhor a todos que militam na Radiodifus\u00e3o. <!--more--><\/p>\n<p>As R\u00e1dios, um dos principais ve\u00edculos de comunica\u00e7\u00f5es est\u00e1 indefeso nesse sentido e a cria\u00e7\u00e3o deste n\u00facleo possibilitar\u00e1 uma vis\u00e3o bem melhor para todos que atuam na \u00e1rea.<\/p>\n<p>Ra\u00ed Nascimento fez o anuncio em seu programa na manh\u00e3 deste domingo. Rai Nascimento conduz um belissimo programa nas madrugadas da Radio-Difusora Itabuna<\/p>\n<p>&nbsp;<\/p>\n<p>&nbsp;<\/p>\n<p>3215 2203.<\/p>\n","protected":false},"excerpt":{"rendered":"<p>&nbsp; A ideia \u00e9 do Radialista da R\u00e1dio Difusora de Itabuna Rai Nascimento. De acordo com ele, o pensamento \u00e9 unir mais a classe e claro levar o entretenimento a todos os profissionais. Com a decad\u00eancia dos sindicatos da categoria se faz necess\u00e1rio a cria\u00e7\u00e3o de outros instrumentos que possam dar um suporte melhor a [&hellip;]<\/p>\n","protected":false},"author":3,"featured_media":1710,"comment_status":"closed","ping_status":"closed","sticky":false,"template":"","format":"standard","meta":{"_links_to":"","_links_to_target":""},"categories":[2],"tags":[],"_links":{"self":[{"href":"https:\/\/www.correiodascidades.com.br\/v1\/wp-json\/wp\/v2\/posts\/1708"}],"collection":[{"href":"https:\/\/www.correiodascidades.com.br\/v1\/wp-json\/wp\/v2\/posts"}],"about":[{"href":"https:\/\/www.correiodascidades.com.br\/v1\/wp-json\/wp\/v2\/types\/post"}],"author":[{"embeddable":true,"href":"https:\/\/www.correiodascidades.com.br\/v1\/wp-json\/wp\/v2\/users\/3"}],"replies":[{"embeddable":true,"href":"https:\/\/www.correiodascidades.com.br\/v1\/wp-json\/wp\/v2\/comments?post=1708"}],"version-history":[{"count":3,"href":"https:\/\/www.correiodascidades.com.br\/v1\/wp-json\/wp\/v2\/posts\/1708\/revisions"}],"predecessor-version":[{"id":1717,"href":"https:\/\/www.correiodascidades.com.br\/v1\/wp-json\/wp\/v2\/posts\/1708\/revisions\/1717"}],"wp:featuredmedia":[{"embeddable":true,"href":"https:\/\/www.correiodascidades.com.br\/v1\/wp-json\/wp\/v2\/media\/1710"}],"wp:attachment":[{"href":"https:\/\/www.correiodascidades.com.br\/v1\/wp-json\/wp\/v2\/media?parent=1708"}],"wp:term":[{"taxonomy":"category","embeddable":true,"href":"https:\/\/www.correiodascidades.com.br\/v1\/wp-json\/wp\/v2\/categories?post=1708"},{"taxonomy":"post_tag","embeddable":true,"href":"https:\/\/www.correiodascidades.com.br\/v1\/wp-json\/wp\/v2\/tags?post=1708"}],"curies":[{"name":"wp","href":"https:\/\/api.w.org\/{rel}","templated":true}]}}