{"id":1720,"date":"2022-11-28T05:01:54","date_gmt":"2022-11-28T08:01:54","guid":{"rendered":"https:\/\/www.correiodascidades.com.br\/v1\/?p=1720"},"modified":"2022-11-28T05:11:09","modified_gmt":"2022-11-28T08:11:09","slug":"ilheus-vereador-augustao-solicita-do-prefeito-acoes-de-melhorias-no-condominio-residencial-palmares-no-bairro-do-iguape","status":"publish","type":"post","link":"https:\/\/www.correiodascidades.com.br\/v1\/2022\/11\/28\/ilheus-vereador-augustao-solicita-do-prefeito-acoes-de-melhorias-no-condominio-residencial-palmares-no-bairro-do-iguape\/","title":{"rendered":"ILH\u00c9US: Vereador August\u00e3o solicita do Prefeito a\u00e7\u00f5es de melhorias no Condom\u00ednio Residencial Palmares no bairro do Iguape."},"content":{"rendered":"<p><img loading=\"lazy\" class=\"\" src=\"https:\/\/www.correiodascidades.com.br\/v1\/wp-content\/uploads\/2022\/11\/augustao-1.jpg\" width=\"608\" height=\"336\" \/><\/p>\n<p>August\u00e3o fez requerimento ao Prefeito e enviou atrav\u00e9s da mesa Diretora da C\u00e2mara de Vereadores pedindo informa\u00e7\u00e3o a respeito de quando come\u00e7aria os trabalhos de pavimenta\u00e7\u00e3o da Rua Palmares no Bairro do Iguape.<!--more--><\/p>\n<p>O referido local \u00e9 um condom\u00ednio com um grande numero de moradores. Na localidade, n\u00e3o existe infraestrutura e o ambiente \u00e9 totalmente desproporcional as pessoas que por l\u00e1 habitam.<\/p>\n<p>Desse modo, o\u00a0 Vereador pede provid\u00eancias e oficializa a quest\u00e3o. <img loading=\"lazy\" class=\"alignnone wp-image-1726\" src=\"https:\/\/www.correiodascidades.com.br\/v1\/wp-content\/uploads\/2022\/11\/oficio-este-aqui-augustao.jpg\" alt=\"\" width=\"242\" height=\"400\" srcset=\"https:\/\/www.correiodascidades.com.br\/v1\/wp-content\/uploads\/2022\/11\/oficio-este-aqui-augustao.jpg 200w, https:\/\/www.correiodascidades.com.br\/v1\/wp-content\/uploads\/2022\/11\/oficio-este-aqui-augustao-181x300.jpg 181w\" sizes=\"(max-width: 242px) 100vw, 242px\" \/><\/p>\n<p>&nbsp;<\/p>\n<p>&nbsp;<\/p>\n","protected":false},"excerpt":{"rendered":"<p>August\u00e3o fez requerimento ao Prefeito e enviou atrav\u00e9s da mesa Diretora da C\u00e2mara de Vereadores pedindo informa\u00e7\u00e3o a respeito de quando come\u00e7aria os trabalhos de pavimenta\u00e7\u00e3o da Rua Palmares no Bairro do Iguape.<\/p>\n","protected":false},"author":3,"featured_media":1721,"comment_status":"closed","ping_status":"closed","sticky":false,"template":"","format":"standard","meta":{"_links_to":"","_links_to_target":""},"categories":[2],"tags":[],"_links":{"self":[{"href":"https:\/\/www.correiodascidades.com.br\/v1\/wp-json\/wp\/v2\/posts\/1720"}],"collection":[{"href":"https:\/\/www.correiodascidades.com.br\/v1\/wp-json\/wp\/v2\/posts"}],"about":[{"href":"https:\/\/www.correiodascidades.com.br\/v1\/wp-json\/wp\/v2\/types\/post"}],"author":[{"embeddable":true,"href":"https:\/\/www.correiodascidades.com.br\/v1\/wp-json\/wp\/v2\/users\/3"}],"replies":[{"embeddable":true,"href":"https:\/\/www.correiodascidades.com.br\/v1\/wp-json\/wp\/v2\/comments?post=1720"}],"version-history":[{"count":5,"href":"https:\/\/www.correiodascidades.com.br\/v1\/wp-json\/wp\/v2\/posts\/1720\/revisions"}],"predecessor-version":[{"id":1728,"href":"https:\/\/www.correiodascidades.com.br\/v1\/wp-json\/wp\/v2\/posts\/1720\/revisions\/1728"}],"wp:featuredmedia":[{"embeddable":true,"href":"https:\/\/www.correiodascidades.com.br\/v1\/wp-json\/wp\/v2\/media\/1721"}],"wp:attachment":[{"href":"https:\/\/www.correiodascidades.com.br\/v1\/wp-json\/wp\/v2\/media?parent=1720"}],"wp:term":[{"taxonomy":"category","embeddable":true,"href":"https:\/\/www.correiodascidades.com.br\/v1\/wp-json\/wp\/v2\/categories?post=1720"},{"taxonomy":"post_tag","embeddable":true,"href":"https:\/\/www.correiodascidades.com.br\/v1\/wp-json\/wp\/v2\/tags?post=1720"}],"curies":[{"name":"wp","href":"https:\/\/api.w.org\/{rel}","templated":true}]}}