{"id":1735,"date":"2022-11-28T09:50:12","date_gmt":"2022-11-28T12:50:12","guid":{"rendered":"https:\/\/www.correiodascidades.com.br\/v1\/?p=1735"},"modified":"2022-11-28T09:51:28","modified_gmt":"2022-11-28T12:51:28","slug":"maiquinique-jeronimo-apoia-valeria-silveira-e-vence-eleicoes-contraria-pesquisas","status":"publish","type":"post","link":"https:\/\/www.correiodascidades.com.br\/v1\/2022\/11\/28\/maiquinique-jeronimo-apoia-valeria-silveira-e-vence-eleicoes-contraria-pesquisas\/","title":{"rendered":"Maiquinique: Jer\u00f4nimo apoia Val\u00e9ria Silveira e vence elei\u00e7\u00f5es contraria pesquisas"},"content":{"rendered":"<div id=\"attachment_1736\" style=\"width: 619px\" class=\"wp-caption alignnone\"><img aria-describedby=\"caption-attachment-1736\" loading=\"lazy\" class=\"wp-image-1736\" src=\"https:\/\/www.correiodascidades.com.br\/v1\/wp-content\/uploads\/2022\/11\/IMG-20221128-WA0004-481x300-1.jpg\" alt=\"\" width=\"609\" height=\"380\" srcset=\"https:\/\/www.correiodascidades.com.br\/v1\/wp-content\/uploads\/2022\/11\/IMG-20221128-WA0004-481x300-1.jpg 481w, https:\/\/www.correiodascidades.com.br\/v1\/wp-content\/uploads\/2022\/11\/IMG-20221128-WA0004-481x300-1-300x187.jpg 300w\" sizes=\"(max-width: 609px) 100vw, 609px\" \/><p id=\"caption-attachment-1736\" class=\"wp-caption-text\">Foto: Divulga\u00e7\u00e3o.<\/p><\/div>\n<h4>C<strong>om apoio de Jer\u00f4nimo, Val\u00e9ria Silveira contraria pesquisas e vence elei\u00e7\u00f5es em Maiquinique<\/strong>.<\/h4>\n<p>Com 100% das urnas apuradas, o Tribunal Superior Eleitoral (TSE) declarou a vit\u00f3ria de Val\u00e9ria Silveira (Podemos) na disputa pela prefeitura de Maiquinique, no sudoeste da Bahia. <!--more--><\/p>\n<p>A elei\u00e7\u00e3o municipal suplementar aconteceu neste domingo (27). A candidata teve o apoio do governador eleito Jer\u00f4nimo Rodrigues, que participou, na tarde de ontem, de uma caminhada na cidade ao lado de Val\u00e9ria e do candidato a vice-prefeito, Kayke Jardim.<\/p>\n<p>&nbsp;<\/p>\n<p>Val\u00e9ria teve 2.873 votos contra 2.808 do seu advers\u00e1rio, Chic\u00f3 Bator\u00e9 (Solidariedade), vencendo por uma diferen\u00e7a de apenas 65 votos. Para aliados da prefeita eleita, a participa\u00e7\u00e3o de Jer\u00f4nimo no ato de s\u00e1bado (27) foi fundamental para o resultado das urnas, tendo em vista que as pesquisas eleitorais apontavam a vit\u00f3ria de Chico Bator\u00e9.<\/p>\n<p>&nbsp;<\/p>\n<p>Em atividade do Partido dos Trabalhadores na Assembleia Legislativa, antes de viajar para Maiquinique, na manh\u00e3 de ontem, Jer\u00f4nimo disse que retribuiria o apoio recebido por Val\u00e9ria em sua campanha ao Governo do Estado.<\/p>\n<p>&nbsp;<\/p>\n<p>\u201cPol\u00edtica se faz de gestos e eu fa\u00e7o quest\u00e3o de caminhar ao lado de Val\u00e9ria neste s\u00e1bado\u201d, disse o governador eleito, mesmo diante do favoritismo do advers\u00e1rio: \u201cVale a m\u00e1xima de n\u00e3o soltar a m\u00e3o de ningu\u00e9m\u201d, afirmou Jer\u00f4nimo na plen\u00e1ria do PT.<\/p>\n<p><strong>*A Bronca<\/strong><\/p>\n","protected":false},"excerpt":{"rendered":"<p>Com apoio de Jer\u00f4nimo, Val\u00e9ria Silveira contraria pesquisas e vence elei\u00e7\u00f5es em Maiquinique. Com 100% das urnas apuradas, o Tribunal Superior Eleitoral (TSE) declarou a vit\u00f3ria de Val\u00e9ria Silveira (Podemos) na disputa pela prefeitura de Maiquinique, no sudoeste da Bahia.<\/p>\n","protected":false},"author":3,"featured_media":1736,"comment_status":"closed","ping_status":"closed","sticky":false,"template":"","format":"standard","meta":{"_links_to":"","_links_to_target":""},"categories":[4],"tags":[],"_links":{"self":[{"href":"https:\/\/www.correiodascidades.com.br\/v1\/wp-json\/wp\/v2\/posts\/1735"}],"collection":[{"href":"https:\/\/www.correiodascidades.com.br\/v1\/wp-json\/wp\/v2\/posts"}],"about":[{"href":"https:\/\/www.correiodascidades.com.br\/v1\/wp-json\/wp\/v2\/types\/post"}],"author":[{"embeddable":true,"href":"https:\/\/www.correiodascidades.com.br\/v1\/wp-json\/wp\/v2\/users\/3"}],"replies":[{"embeddable":true,"href":"https:\/\/www.correiodascidades.com.br\/v1\/wp-json\/wp\/v2\/comments?post=1735"}],"version-history":[{"count":2,"href":"https:\/\/www.correiodascidades.com.br\/v1\/wp-json\/wp\/v2\/posts\/1735\/revisions"}],"predecessor-version":[{"id":1738,"href":"https:\/\/www.correiodascidades.com.br\/v1\/wp-json\/wp\/v2\/posts\/1735\/revisions\/1738"}],"wp:featuredmedia":[{"embeddable":true,"href":"https:\/\/www.correiodascidades.com.br\/v1\/wp-json\/wp\/v2\/media\/1736"}],"wp:attachment":[{"href":"https:\/\/www.correiodascidades.com.br\/v1\/wp-json\/wp\/v2\/media?parent=1735"}],"wp:term":[{"taxonomy":"category","embeddable":true,"href":"https:\/\/www.correiodascidades.com.br\/v1\/wp-json\/wp\/v2\/categories?post=1735"},{"taxonomy":"post_tag","embeddable":true,"href":"https:\/\/www.correiodascidades.com.br\/v1\/wp-json\/wp\/v2\/tags?post=1735"}],"curies":[{"name":"wp","href":"https:\/\/api.w.org\/{rel}","templated":true}]}}