{"id":1746,"date":"2022-11-29T03:58:02","date_gmt":"2022-11-29T06:58:02","guid":{"rendered":"https:\/\/www.correiodascidades.com.br\/v1\/?p=1746"},"modified":"2022-11-29T03:59:25","modified_gmt":"2022-11-29T06:59:25","slug":"nivel-de-rio-sobe-e-ameaca-invadir-wenceslau-guimaraes-comerciantes-comecam-a-retirar-mercadorias-de-lojas","status":"publish","type":"post","link":"https:\/\/www.correiodascidades.com.br\/v1\/2022\/11\/29\/nivel-de-rio-sobe-e-ameaca-invadir-wenceslau-guimaraes-comerciantes-comecam-a-retirar-mercadorias-de-lojas\/","title":{"rendered":"BAHIA: N\u00edvel de rio sobe e amea\u00e7a invadir Wenceslau Guimar\u00e3es Comerciantes come\u00e7am a retirar mercadorias de lojas."},"content":{"rendered":"<p><img loading=\"lazy\" class=\"\" src=\"https:\/\/www.correiodascidades.com.br\/v1\/wp-content\/uploads\/2022\/11\/venceslau-alagada.jpeg\" width=\"614\" height=\"344\" \/><\/p>\n<p>Temendo preju\u00edzos iguais aos de 2021, comerciantes de\u00a0<a href=\"https:\/\/midiabahia.com.br\/temporal-faz-nivel-de-rio-subir-e-derruba-arvore-em-wenceslau-guimaraes-veja-video\/\">Wenceslau Guimar\u00e3es, est\u00e3o esvaziando lojas ap\u00f3s o n\u00edvel do rio<\/a> que corta a cidade subir na noite desta segunda-feira (28). As informa\u00e7\u00f5es s\u00e3o do Di\u00e1rio Paralelo. <!--more--><\/p>\n<p>H\u00e1 v\u00e1rios dias tem chovido no munic\u00edpio e desde o fim de semana, os\u00a0<a href=\"https:\/\/midiabahia.com.br\/inmet-emite-alerta-de-chuva-forte\/\">temporais se intensificaram devido a forma\u00e7\u00e3o de uma Zona de Conviv\u00eancia do Atl\u00e2ntico Sul \u2013 ZCAS,<\/a> fen\u00f4meno que provocou enchente na Bahia ano passado. De acordo com informa\u00e7\u00f5es o n\u00edvel do rio subiu acima da sua capacidade e preocupa de mais os moradores.<\/p>\n","protected":false},"excerpt":{"rendered":"<p>Temendo preju\u00edzos iguais aos de 2021, comerciantes de\u00a0Wenceslau Guimar\u00e3es, est\u00e3o esvaziando lojas ap\u00f3s o n\u00edvel do rio que corta a cidade subir na noite desta segunda-feira (28). As informa\u00e7\u00f5es s\u00e3o do Di\u00e1rio Paralelo.<\/p>\n","protected":false},"author":3,"featured_media":1747,"comment_status":"closed","ping_status":"closed","sticky":false,"template":"","format":"standard","meta":{"_links_to":"","_links_to_target":""},"categories":[2],"tags":[],"_links":{"self":[{"href":"https:\/\/www.correiodascidades.com.br\/v1\/wp-json\/wp\/v2\/posts\/1746"}],"collection":[{"href":"https:\/\/www.correiodascidades.com.br\/v1\/wp-json\/wp\/v2\/posts"}],"about":[{"href":"https:\/\/www.correiodascidades.com.br\/v1\/wp-json\/wp\/v2\/types\/post"}],"author":[{"embeddable":true,"href":"https:\/\/www.correiodascidades.com.br\/v1\/wp-json\/wp\/v2\/users\/3"}],"replies":[{"embeddable":true,"href":"https:\/\/www.correiodascidades.com.br\/v1\/wp-json\/wp\/v2\/comments?post=1746"}],"version-history":[{"count":2,"href":"https:\/\/www.correiodascidades.com.br\/v1\/wp-json\/wp\/v2\/posts\/1746\/revisions"}],"predecessor-version":[{"id":1749,"href":"https:\/\/www.correiodascidades.com.br\/v1\/wp-json\/wp\/v2\/posts\/1746\/revisions\/1749"}],"wp:featuredmedia":[{"embeddable":true,"href":"https:\/\/www.correiodascidades.com.br\/v1\/wp-json\/wp\/v2\/media\/1747"}],"wp:attachment":[{"href":"https:\/\/www.correiodascidades.com.br\/v1\/wp-json\/wp\/v2\/media?parent=1746"}],"wp:term":[{"taxonomy":"category","embeddable":true,"href":"https:\/\/www.correiodascidades.com.br\/v1\/wp-json\/wp\/v2\/categories?post=1746"},{"taxonomy":"post_tag","embeddable":true,"href":"https:\/\/www.correiodascidades.com.br\/v1\/wp-json\/wp\/v2\/tags?post=1746"}],"curies":[{"name":"wp","href":"https:\/\/api.w.org\/{rel}","templated":true}]}}