{"id":1750,"date":"2022-11-29T04:21:04","date_gmt":"2022-11-29T07:21:04","guid":{"rendered":"https:\/\/www.correiodascidades.com.br\/v1\/?p=1750"},"modified":"2022-11-29T04:21:04","modified_gmt":"2022-11-29T07:21:04","slug":"bahia-governo-do-estado-publica-decreto-para-uso-de-mascaras-novamente","status":"publish","type":"post","link":"https:\/\/www.correiodascidades.com.br\/v1\/2022\/11\/29\/bahia-governo-do-estado-publica-decreto-para-uso-de-mascaras-novamente\/","title":{"rendered":"BAHIA: Governo do estado p\u00fablica decreto para uso de mascaras novamente."},"content":{"rendered":"<p><img loading=\"lazy\" class=\"\" src=\"https:\/\/www.correiodascidades.com.br\/v1\/wp-content\/uploads\/2022\/11\/placa-decorativa-obrigatorio-uso-de-mascara-mdf-3mm.jpg\" width=\"624\" height=\"495\" \/><\/p>\n<p>DECRETO N\u00ba 21.744 DE 28 DE NOVEMBRO DE 2022 Institui, nos Munic\u00edpios do Estado da Bahia, as medidas de enfrentamento ao novo corona v\u00edrus, causador da COVID-19, e d\u00e1 outras provid\u00eancias.<!--more--> O GOVERNADOR DO ESTADO DA BAHIA, no uso da atribui\u00e7\u00e3o que lhe confere o inciso V do art. 105 da Constitui\u00e7\u00e3o Estadual, considerando que a sa\u00fade \u00e9 direito de todos e dever do Estado, garantido mediante pol\u00edticas sociais e econ\u00f4micas que visem reduzir o risco de doen\u00e7a e de outros agravos e ao acesso universal e igualit\u00e1rio \u00e0s a\u00e7\u00f5es e servi\u00e7os para sua promo\u00e7\u00e3o, prote\u00e7\u00e3o e recupera\u00e7\u00e3o, na forma do art. 196 da Constitui\u00e7\u00e3o Federal; considerando que o Minist\u00e9rio da Sa\u00fade editou a Portaria GM\/MS n\u00ba 913, de 22 de abril de 2022, declarando o encerramento da Emerg\u00eancia em Sa\u00fade P\u00fablica de Import\u00e2ncia Nacional (ESPIN), decorrente da infec\u00e7\u00e3o humana causada pelo novo coronav\u00edrus (2019-nCoV), bem como a perman\u00eancia na redu\u00e7\u00e3o do n\u00famero de casos confirmados, casos ativos e \u00f3bitos no Estado, e a diminui\u00e7\u00e3o do n\u00famero de pacientes internados pela doen\u00e7a; considerando a evolu\u00e7\u00e3o do conhecimento dispon\u00edvel sobre a efetividade das estrat\u00e9gias n\u00e3o farmacol\u00f3gicas e sobre a efic\u00e1cia da vacina\u00e7\u00e3o para o enfretamento \u00e0 pandemia da COVID-19, D E C R E T A Art. 1\u00ba &#8211; Permanecem autorizados, em todo territ\u00f3rio do Estado da Bahia, observado o quanto disposto neste Decreto, os eventos e atividades com a presen\u00e7a de p\u00fablico, tais como: cerim\u00f4nias de casamento, eventos urbanos e rurais em logradouros p\u00fablicos ou privados, eventos exclusivamente cient\u00edficos e profissionais, circos, parques de exposi\u00e7\u00f5es, solenidades de formatura, feiras, passeatas, parques de divers\u00f5es, espa\u00e7os culturais, teatros, cinemas, museus, espa\u00e7os cong\u00eaneres e afins, templos para atos religiosos lit\u00fargicos e os eventos desportivos coletivos profissionais. \u00a7 1\u00ba &#8211; Nos eventos e atividades referidos no caput deste artigo que contem com controle de acesso, o p\u00fablico dever\u00e1 utilizar m\u00e1scaras de prote\u00e7\u00e3o e atender o quanto disposto no art. 3\u00ba deste Decreto. \u00a7 2\u00ba &#8211; Nos eventos com venda de ingresso, os artistas, o p\u00fablico, a equipe t\u00e9cnica e os colaboradores dever\u00e3o utilizar m\u00e1scaras de prote\u00e7\u00e3o e atender o quanto disposto no art. 3\u00ba deste Decreto. Art. 2\u00ba &#8211; Fica obrigado o uso de m\u00e1scara de prote\u00e7\u00e3o: I &#8211; em hospitais e demais unidades de sa\u00fade, tais como: cl\u00ednicas e Unidades de Pronto-Atendimentos &#8211; UPAs e farm\u00e1cias; II &#8211; em transportes p\u00fablicos, tais como: trens, metr\u00f4, \u00f4nibus, lanchas e ferry boat, e seus respectivos locais de acesso como esta\u00e7\u00f5es de embarque; III &#8211; em sal\u00f5es de beleza e centros de est\u00e9tica; IV &#8211; em bares, restaurantes, lanchonetes e demais estabelecimentos similares; V &#8211; em templos para atos religiosos lit\u00fargicos; VI &#8211; em escolas e universidades; VII &#8211; em ambientes fechados, tais como teatros, cinemas, museus, parques de exposi\u00e7\u00f5es e espa\u00e7os cong\u00eaneres; VIII &#8211; para indiv\u00edduos que estejam apresentando sintomas gripais, tais como: tosse, espirro, dor de garganta ou outros sintomas respirat\u00f3rios, ou que tenham tido contato com pessoas sintom\u00e1ticas ou com confirma\u00e7\u00e3o da doen\u00e7a; IX &#8211; para indiv\u00edduos com confirma\u00e7\u00e3o de COVID-19, mesmo que assintom\u00e1ticos; X &#8211; para indiv\u00edduos imunossuprimidos, ainda que em dia em rela\u00e7\u00e3o ao esquema vacinal contra COVID-19. Par\u00e1grafo \u00fanico &#8211; Os indiv\u00edduos que tiveram contato com pessoas com confirma\u00e7\u00e3o de COVID-19, mesmo que assintom\u00e1ticas, permanecer\u00e3o obrigadas ao uso de m\u00e1scara por 14 (quatorze) dias. Art. 3\u00ba &#8211; Para os fins deste Decreto, a vacina\u00e7\u00e3o dever\u00e1 ser comprovada, mediante apresenta\u00e7\u00e3o do documento fornecido no momento da imuniza\u00e7\u00e3o ou do Certificado COVID, obtido atrav\u00e9s do aplicativo \u201cCONECT SUS\u201d do Minist\u00e9rio da Sa\u00fade, que contenha a confirma\u00e7\u00e3o de: I &#8211; 02 (duas) doses da vacina ou dose \u00fanica, para o p\u00fablico geral; II &#8211; 01 (uma) dose da vacina para crian\u00e7as e adolescentes alcan\u00e7ados pela Campanha de Imuniza\u00e7\u00e3o contra a COVID-19, observado o prazo de agendamento para segunda dose; III &#8211; doses de refor\u00e7o subsequentes da vacina para o p\u00fablico alcan\u00e7ado por esta etapa da Campanha de Imuniza\u00e7\u00e3o contra a COVID-19. Par\u00e1grafo \u00fanico &#8211; O tratamento das informa\u00e7\u00f5es sanit\u00e1rias dispostas na forma do caput deste artigo estar\u00e1 submetido \u00e0s medidas de mitiga\u00e7\u00e3o de riscos \u00e0 privacidade, observando, especialmente, os princ\u00edpios de seguran\u00e7a, transpar\u00eancia, finalidade, adequa\u00e7\u00e3o e necessidade. Art. 4\u00ba &#8211; Fica suspensa a visita\u00e7\u00e3o social aos hospitais e demais unidades de sa\u00fade. Art. 5\u00ba &#8211; Ao acompanhante de paciente em unidade de sa\u00fade ficar\u00e1 o acesso condicionado \u00e0 comprova\u00e7\u00e3o da vacina\u00e7\u00e3o e a utiliza\u00e7\u00e3o de m\u00e1scara de prote\u00e7\u00e3o, na forma do art. 3\u00ba deste Decreto. Art. 6\u00ba &#8211; Os atendimentos presenciais no Departamento Estadual de Tr\u00e2nsito &#8211; DETRAN e no Servi\u00e7o de Atendimento ao Cidad\u00e3o &#8211; SAC ficam condicionados \u00e0 comprova\u00e7\u00e3o da vacina\u00e7\u00e3o e \u00e0 obrigatoriedade do uso de m\u00e1scaras de prote\u00e7\u00e3o, na forma do art. 3\u00ba deste Decreto, e os protocolos sanit\u00e1rios estabelecidos. Art. 7\u00ba &#8211; O acesso a quaisquer pr\u00e9dios p\u00fablicos, nos quais se situem \u00f3rg\u00e3os, entidades e unidades administrativas, fica condicionado \u00e0 comprova\u00e7\u00e3o da vacina\u00e7\u00e3o, na forma do art. 3\u00ba deste Decreto. Art. 8\u00ba &#8211; A Ag\u00eancia Estadual de Regula\u00e7\u00e3o de Servi\u00e7os P\u00fablicos de Energia, Transportes e Comunica\u00e7\u00f5es da Bahia &#8211; AGERBA fiscalizar\u00e1 o quanto disposto neste Decreto e editar\u00e1 as normas complementares ao seu cumprimento. Art. 9\u00ba &#8211; A Secretaria da Sa\u00fade, atrav\u00e9s da Diretoria da Vigil\u00e2ncia Sanit\u00e1ria, acompanhar\u00e1 as medidas necess\u00e1rias adotadas pelos \u00f3rg\u00e3os municipais de Vigil\u00e2ncia Sanit\u00e1ria, atuando em suas omiss\u00f5es, a fim de garantir o cumprimento do quanto disposto neste Decreto. Art. 10 &#8211; O disposto neste Decreto ser\u00e1 aplicado a \u00f3rg\u00e3os e entidades integrantes da Administra\u00e7\u00e3o P\u00fablica Estadual e Municipal, nos termos dos atos normativos editados pelos respectivos entes. Art. 11 &#8211; Os \u00f3rg\u00e3os especiais vinculados \u00e0 Secretaria da Seguran\u00e7a P\u00fablica observar\u00e3o a incid\u00eancia dos arts. 268 e 330 do C\u00f3digo Penal, nos casos de descumprimento do quanto disposto neste Decreto. Art. 12 &#8211; Este Decreto entra em vigor na data de sua publica\u00e7\u00e3o. PAL\u00c1CIO DO GOVERNO DO ESTADO DA BAHIA, em 28 de novembro de 2022. RUI COSTA Governador Carlos Mello Secret\u00e1rio da Casa Civil em exerc\u00edcio Ricardo C\u00e9sar Mandarino Barretto Secret\u00e1rio da Seguran\u00e7a P\u00fablica<\/p>\n<p>&nbsp;<\/p>\n<p>&nbsp;<\/p>\n","protected":false},"excerpt":{"rendered":"<p>DECRETO N\u00ba 21.744 DE 28 DE NOVEMBRO DE 2022 Institui, nos Munic\u00edpios do Estado da Bahia, as medidas de enfrentamento ao novo corona v\u00edrus, causador da COVID-19, e d\u00e1 outras provid\u00eancias.<\/p>\n","protected":false},"author":3,"featured_media":1751,"comment_status":"closed","ping_status":"closed","sticky":false,"template":"","format":"standard","meta":{"_links_to":"","_links_to_target":""},"categories":[2],"tags":[],"_links":{"self":[{"href":"https:\/\/www.correiodascidades.com.br\/v1\/wp-json\/wp\/v2\/posts\/1750"}],"collection":[{"href":"https:\/\/www.correiodascidades.com.br\/v1\/wp-json\/wp\/v2\/posts"}],"about":[{"href":"https:\/\/www.correiodascidades.com.br\/v1\/wp-json\/wp\/v2\/types\/post"}],"author":[{"embeddable":true,"href":"https:\/\/www.correiodascidades.com.br\/v1\/wp-json\/wp\/v2\/users\/3"}],"replies":[{"embeddable":true,"href":"https:\/\/www.correiodascidades.com.br\/v1\/wp-json\/wp\/v2\/comments?post=1750"}],"version-history":[{"count":1,"href":"https:\/\/www.correiodascidades.com.br\/v1\/wp-json\/wp\/v2\/posts\/1750\/revisions"}],"predecessor-version":[{"id":1752,"href":"https:\/\/www.correiodascidades.com.br\/v1\/wp-json\/wp\/v2\/posts\/1750\/revisions\/1752"}],"wp:featuredmedia":[{"embeddable":true,"href":"https:\/\/www.correiodascidades.com.br\/v1\/wp-json\/wp\/v2\/media\/1751"}],"wp:attachment":[{"href":"https:\/\/www.correiodascidades.com.br\/v1\/wp-json\/wp\/v2\/media?parent=1750"}],"wp:term":[{"taxonomy":"category","embeddable":true,"href":"https:\/\/www.correiodascidades.com.br\/v1\/wp-json\/wp\/v2\/categories?post=1750"},{"taxonomy":"post_tag","embeddable":true,"href":"https:\/\/www.correiodascidades.com.br\/v1\/wp-json\/wp\/v2\/tags?post=1750"}],"curies":[{"name":"wp","href":"https:\/\/api.w.org\/{rel}","templated":true}]}}