{"id":1763,"date":"2022-11-29T21:46:29","date_gmt":"2022-11-30T00:46:29","guid":{"rendered":"https:\/\/www.correiodascidades.com.br\/v1\/?p=1763"},"modified":"2022-11-30T02:09:47","modified_gmt":"2022-11-30T05:09:47","slug":"ilheus-situacao-dos-medicos-na-cidade-sera-resolvida-nesta-quarta-feira-30-de-novembro","status":"publish","type":"post","link":"https:\/\/www.correiodascidades.com.br\/v1\/2022\/11\/29\/ilheus-situacao-dos-medicos-na-cidade-sera-resolvida-nesta-quarta-feira-30-de-novembro\/","title":{"rendered":"ILH\u00c9US: Situa\u00e7\u00e3o dos m\u00e9dicos na cidade ser\u00e1 resolvida\u00a0 nesta quarta feira 30 de Novembro"},"content":{"rendered":"<p><img loading=\"lazy\" class=\"\" src=\"https:\/\/www.correiodascidades.com.br\/v1\/wp-content\/uploads\/2022\/11\/transferir-_3_.jpeg\" width=\"605\" height=\"394\" \/><\/p>\n<p>Com atrasos nos seus sal\u00e1rios a cerca de quinze dias, os m\u00e9dicos que atendem ao munic\u00edpio amea\u00e7am parar as atividades.<\/p>\n<p>Os m\u00e9dicos das UPAS, Hospital COCI, Hospital S\u00e3o Jos\u00e9 e dos postos de sa\u00fade, disseram que se a coisa n\u00e3o for resolvida eles iriam cruzar os bra\u00e7os.<!--more--><\/p>\n<p>Para muitos a situa\u00e7\u00e3o de atraso \u00e9 &#8211; grave e a solu\u00e7\u00e3o \u00e9 greve). Assim sendo eles n\u00e3o v\u00eam outra solu\u00e7\u00e3o se n\u00e3o \u00a0a paraliza\u00e7\u00e3o dos trabalhos.<\/p>\n<p>(O CORREIO DAS CIDADES) conversou na noite desta ter\u00e7a feira com o Secret\u00e1rio de sa\u00fade o mesmo disse que parte dos m\u00e9dicos contratados atende via \u00a0PJ e sempre receberam at\u00e9 o dia dez assim sendo houve um atraso de quinze dias, por\u00e9m nesta quarta feira at\u00e9 \u00e1s onze da manh\u00e3 a coisa estaria ajustada.<\/p>\n<p>O secret\u00e1rio disse que o or\u00e7amento este m\u00eas diminuiu com isso a coisa ficou dif\u00edcil para a secretaria responder sem o auxilio do repasse.<\/p>\n<p>Este m\u00eas de Dezembro entrar\u00e1 um res\u00edduo que falta de repasse ai a coisa se normalizar\u00e1 por completo. Foi o que disse Dr. Andr\u00e9 Ces\u00e1rio a este Blog de informa\u00e7\u00e3o.<\/p>\n<p>&nbsp;<\/p>\n","protected":false},"excerpt":{"rendered":"<p>Com atrasos nos seus sal\u00e1rios a cerca de quinze dias, os m\u00e9dicos que atendem ao munic\u00edpio amea\u00e7am parar as atividades. Os m\u00e9dicos das UPAS, Hospital COCI, Hospital S\u00e3o Jos\u00e9 e dos postos de sa\u00fade, disseram que se a coisa n\u00e3o for resolvida eles iriam cruzar os bra\u00e7os.<\/p>\n","protected":false},"author":3,"featured_media":1764,"comment_status":"closed","ping_status":"closed","sticky":false,"template":"","format":"standard","meta":{"_links_to":"","_links_to_target":""},"categories":[1],"tags":[],"_links":{"self":[{"href":"https:\/\/www.correiodascidades.com.br\/v1\/wp-json\/wp\/v2\/posts\/1763"}],"collection":[{"href":"https:\/\/www.correiodascidades.com.br\/v1\/wp-json\/wp\/v2\/posts"}],"about":[{"href":"https:\/\/www.correiodascidades.com.br\/v1\/wp-json\/wp\/v2\/types\/post"}],"author":[{"embeddable":true,"href":"https:\/\/www.correiodascidades.com.br\/v1\/wp-json\/wp\/v2\/users\/3"}],"replies":[{"embeddable":true,"href":"https:\/\/www.correiodascidades.com.br\/v1\/wp-json\/wp\/v2\/comments?post=1763"}],"version-history":[{"count":3,"href":"https:\/\/www.correiodascidades.com.br\/v1\/wp-json\/wp\/v2\/posts\/1763\/revisions"}],"predecessor-version":[{"id":1767,"href":"https:\/\/www.correiodascidades.com.br\/v1\/wp-json\/wp\/v2\/posts\/1763\/revisions\/1767"}],"wp:featuredmedia":[{"embeddable":true,"href":"https:\/\/www.correiodascidades.com.br\/v1\/wp-json\/wp\/v2\/media\/1764"}],"wp:attachment":[{"href":"https:\/\/www.correiodascidades.com.br\/v1\/wp-json\/wp\/v2\/media?parent=1763"}],"wp:term":[{"taxonomy":"category","embeddable":true,"href":"https:\/\/www.correiodascidades.com.br\/v1\/wp-json\/wp\/v2\/categories?post=1763"},{"taxonomy":"post_tag","embeddable":true,"href":"https:\/\/www.correiodascidades.com.br\/v1\/wp-json\/wp\/v2\/tags?post=1763"}],"curies":[{"name":"wp","href":"https:\/\/api.w.org\/{rel}","templated":true}]}}