{"id":17726,"date":"2025-09-02T07:27:18","date_gmt":"2025-09-02T10:27:18","guid":{"rendered":"https:\/\/www.correiodascidades.com.br\/v1\/?p=17726"},"modified":"2025-09-03T06:34:42","modified_gmt":"2025-09-03T09:34:42","slug":"itabaina-bahia-dupla-de-cantores-mirim-de-arrocha-morre-em-acidente-na-br-101","status":"publish","type":"post","link":"https:\/\/www.correiodascidades.com.br\/v1\/2025\/09\/02\/itabaina-bahia-dupla-de-cantores-mirim-de-arrocha-morre-em-acidente-na-br-101\/","title":{"rendered":"ITABAINA \u2013 BAHIA. Dupla de cantores mirim de arrocha morre em acidente na BR-101"},"content":{"rendered":"<p>Clique no v\u00eddeo abaixo e veja os mesmos na resid\u00eancia deles.<\/p>\n<p>Dois irm\u00e3os que cantavam e seriam promessas no mundo art\u00edstico atrav\u00e9s de suas can\u00e7\u00f5es, tiveram a vida interrompida com um acidente de veiculo. eles forma atropelados por um carro que bateu na moto que eles estavam com seu pai e morreram juntos os dois irm\u00e3os.<\/p>\n<p>Samuel Santos de Almeida e Mateus Santos de Almeida tinham apenas uma semana de carreira. Eles viralizaram na internet ap\u00f3s publicarem v\u00eddeos cantando arrocha.<\/p>\n<p><iframe loading=\"lazy\" title=\"WhatsApp Video 2025 09 01 at 21 24 06\" width=\"422\" height=\"750\" src=\"https:\/\/www.youtube.com\/embed\/R4oeNcu5HDY?feature=oembed\" frameborder=\"0\" allow=\"accelerometer; autoplay; clipboard-write; encrypted-media; gyroscope; picture-in-picture; web-share\" referrerpolicy=\"strict-origin-when-cross-origin\" allowfullscreen><\/iframe><\/p>\n<p>Os garotos eram uma dupla de irm\u00e3os que moravam em corte de pedra, eles estavam passando em Gandu e Wenceslau Guimar\u00e3es quando foram colhidos por um carro tipo caminhonete.<\/p>\n<p><img loading=\"lazy\" class=\"\" src=\"https:\/\/www.correiodascidades.com.br\/v1\/wp-content\/uploads\/2025\/09\/3f4ec5c1-b3ab-4e1b-ba92-f3145464ac9a.jpeg\" width=\"361\" height=\"480\" \/><\/p>\n<p>O condutor do veiculo n\u00e3o foi identificado, nem as causas do acidente. Os dois morreram no local, o pai dos garotos que estava pilotando a moto, est\u00e1 no hospital em estado grave.<\/p>\n","protected":false},"excerpt":{"rendered":"<p>Clique no v\u00eddeo abaixo e veja os mesmos na resid\u00eancia deles. Dois irm\u00e3os que cantavam e seriam promessas no mundo art\u00edstico atrav\u00e9s de suas can\u00e7\u00f5es, tiveram a vida interrompida com um acidente de veiculo. eles forma atropelados por um carro que bateu na moto que eles estavam com seu pai e morreram juntos os dois [&hellip;]<\/p>\n","protected":false},"author":3,"featured_media":17727,"comment_status":"closed","ping_status":"closed","sticky":false,"template":"","format":"standard","meta":{"_links_to":"","_links_to_target":""},"categories":[1],"tags":[],"_links":{"self":[{"href":"https:\/\/www.correiodascidades.com.br\/v1\/wp-json\/wp\/v2\/posts\/17726"}],"collection":[{"href":"https:\/\/www.correiodascidades.com.br\/v1\/wp-json\/wp\/v2\/posts"}],"about":[{"href":"https:\/\/www.correiodascidades.com.br\/v1\/wp-json\/wp\/v2\/types\/post"}],"author":[{"embeddable":true,"href":"https:\/\/www.correiodascidades.com.br\/v1\/wp-json\/wp\/v2\/users\/3"}],"replies":[{"embeddable":true,"href":"https:\/\/www.correiodascidades.com.br\/v1\/wp-json\/wp\/v2\/comments?post=17726"}],"version-history":[{"count":3,"href":"https:\/\/www.correiodascidades.com.br\/v1\/wp-json\/wp\/v2\/posts\/17726\/revisions"}],"predecessor-version":[{"id":17730,"href":"https:\/\/www.correiodascidades.com.br\/v1\/wp-json\/wp\/v2\/posts\/17726\/revisions\/17730"}],"wp:featuredmedia":[{"embeddable":true,"href":"https:\/\/www.correiodascidades.com.br\/v1\/wp-json\/wp\/v2\/media\/17727"}],"wp:attachment":[{"href":"https:\/\/www.correiodascidades.com.br\/v1\/wp-json\/wp\/v2\/media?parent=17726"}],"wp:term":[{"taxonomy":"category","embeddable":true,"href":"https:\/\/www.correiodascidades.com.br\/v1\/wp-json\/wp\/v2\/categories?post=17726"},{"taxonomy":"post_tag","embeddable":true,"href":"https:\/\/www.correiodascidades.com.br\/v1\/wp-json\/wp\/v2\/tags?post=17726"}],"curies":[{"name":"wp","href":"https:\/\/api.w.org\/{rel}","templated":true}]}}