{"id":17731,"date":"2025-09-02T11:58:00","date_gmt":"2025-09-02T14:58:00","guid":{"rendered":"https:\/\/www.correiodascidades.com.br\/v1\/?p=17731"},"modified":"2025-09-02T11:58:00","modified_gmt":"2025-09-02T14:58:00","slug":"stf-inicia-julgamento-de-bolsonaro-e-mais-sete-aliados","status":"publish","type":"post","link":"https:\/\/www.correiodascidades.com.br\/v1\/2025\/09\/02\/stf-inicia-julgamento-de-bolsonaro-e-mais-sete-aliados\/","title":{"rendered":"STF inicia julgamento de Bolsonaro e mais sete aliados"},"content":{"rendered":"<div class=\"entry-header\">\n<h1 class=\"jeg_post_title\">\u00a0 \u00a0 \u00a0 \u00a0 \u00a0 \u00a0 \u00a0 \u00a0 \u00a0 \u00a0 \u00a0 \u00a0 \u00a0 \u00a0 \u00a0 \u00a0 \u00a0 \u00a0<img loading=\"lazy\" class=\"\" src=\"https:\/\/www.correiodascidades.com.br\/v1\/wp-content\/uploads\/2025\/09\/julgamentodebolsonaro.-jpeg.jpg\" width=\"504\" height=\"284\" \/><\/h1>\n<\/div>\n<div class=\"entry-content with-share\">\n<div class=\"content-inner \">\n<p><em>Ag\u00eancia Brasil<\/em><\/p>\n<p><strong><br \/>\n<span class=\"dropcap \">A <\/span>Primeira Turma do Supremo Tribunal Federal (STF) inicia nesta ter\u00e7a-feira (2), \u00e0s 9h, o julgamento que pode condenar o ex-presidente Jair Bolsonaro e mais sete aliados pela trama golpista para tentar reverter o resultado das elei\u00e7\u00f5es de 2022.<\/strong>\u00a0O grupo faz parte do<strong>\u00a0n\u00facleo crucial da den\u00fancia<\/strong>\u00a0apresentada pela Procuradoria-Geral da Rep\u00fablica (PGR).<img src=\"https:\/\/agenciabrasil.ebc.com.br\/ebc.png?id=1656689&amp;o=node\" data-pin-no-hover=\"true\" \/><img src=\"https:\/\/agenciabrasil.ebc.com.br\/ebc.gif?id=1656689&amp;o=node\" data-pin-no-hover=\"true\" \/><\/p>\n<\/div>\n<\/div>\n<p><!--more--><\/p>\n<p>Foram destinadas\u00a0<strong>oito sess\u00f5es para an\u00e1lise do caso<\/strong>, marcadas para os dias 2, 3, 9, 10 e 12 de setembro.<\/p>\n<p>A expectativa \u00e9 que o\u00a0<strong>primeiro dia do julgamento seja destinado \u00e0s manifesta\u00e7\u00f5es das defesas e do procurador-geral da Rep\u00fablica, Paulo Gonet, que far\u00e1 a acusa\u00e7\u00e3o.<\/strong><\/p>\n<p>A vota\u00e7\u00e3o que vai condenar ou absolver os r\u00e9us deve come\u00e7ar somente nas pr\u00f3ximas sess\u00f5es.<strong>\u00a0As penas podem passar de 30 anos de pris\u00e3o<\/strong>.<\/p>\n<h2>Quem s\u00e3o os r\u00e9us?<\/h2>\n<ol>\n<li>Jair Bolsonaro \u2013 ex-presidente da Rep\u00fablica;<\/li>\n<li>Alexandre Ramagem \u2013 ex-diretor da Ag\u00eancia Brasileira de Intelig\u00eancia (Abin);<\/li>\n<li>Almir Garnier- ex-comandante da Marinha;<\/li>\n<li>Anderson Torres \u2013 ex-ministro da Justi\u00e7a e ex-secret\u00e1rio de Seguran\u00e7a do Distrito Federal;<\/li>\n<li>Augusto Heleno \u2013 ex-ministro do Gabinete de Seguran\u00e7a Institucional (GSI);<\/li>\n<li>Paulo S\u00e9rgio Nogueira \u2013 ex-ministro da Defesa;<\/li>\n<li>Walter Braga Netto \u2013 ex-ministro\u00a0da Casa Civil e da Defesa e candidato a\u00a0vice de Bolsonaro na chapa de 2022;<\/li>\n<li>Mauro Cid \u2013 ex-ajudante de ordens de Bolsonaro.<\/li>\n<\/ol>\n<h2>Crimes<\/h2>\n<p><strong>Os r\u00e9us respondem no Supremo pelos crimes de organiza\u00e7\u00e3o criminosa armada, tentativa de aboli\u00e7\u00e3o violenta do Estado Democr\u00e1tico de Direito, golpe de Estado, dano qualificado pela viol\u00eancia e grave amea\u00e7a e deteriora\u00e7\u00e3o de patrim\u00f4nio tombado.<\/strong><\/p>\n<p><strong>A exce\u00e7\u00e3o \u00e9 o caso do ex-diretor da Abin Alexandre Ramagem, que, atualmente, \u00e9 deputado federal.<\/strong>\u00a0Ele foi beneficiado com a suspens\u00e3o de parte das acusa\u00e7\u00f5es e\u00a0<strong>responde somente a tr\u00eas dos cinco crimes<\/strong>. A possibilidade de suspens\u00e3o est\u00e1 prevista na Constitui\u00e7\u00e3o.<\/p>\n<p>A suspens\u00e3o vale para os crimes de dano qualificado pela viol\u00eancia e grave amea\u00e7a, contra o patrim\u00f4nio da Uni\u00e3o, e com consider\u00e1vel preju\u00edzo para a v\u00edtima e deteriora\u00e7\u00e3o de patrim\u00f4nio tombado, relacionados aos atos golpistas de 8 de janeiro.<\/p>\n<p><strong>Ramagem continua respondendo pelos crimes de golpe de Estado, organiza\u00e7\u00e3o criminosa armada e tentativa de aboli\u00e7\u00e3o do Estado Democr\u00e1tico de Direito<\/strong>.<\/p>\n<h2>Primeira sess\u00e3o<\/h2>\n<p><strong>A\u00a0<a href=\"https:\/\/agenciabrasil.ebc.com.br\/justica\/noticia\/2025-08\/entenda-como-sera-o-rito-do-julgamento-de-bolsonaro-e-aliados-no-stf\" target=\"_blank\" rel=\"noopener\">sess\u00e3o de hoje<\/a>\u00a0ser\u00e1 aberta pelo presidente da Primeira Turma, ministro Cristiano Zanin<\/strong>.\u00a0Em seguida, o ministro chamar\u00e1 o processo para julgamento e\u00a0<strong>dar\u00e1 a palavra a Alexandre de Moraes, relator do caso, que far\u00e1 a leitura do relat\u00f3rio<\/strong>. O\u00a0documento cont\u00e9m o resumo de todas as etapas percorridas no processo, desde as investiga\u00e7\u00f5es at\u00e9 a apresenta\u00e7\u00e3o das<a href=\"https:\/\/agenciabrasil.ebc.com.br\/justica\/noticia\/2025-08\/saiba-o-que-dizem-reus-da-trama-golpista-em-alegacoes-finais-ao-stf\" target=\"_blank\" rel=\"noopener\">\u00a0alega\u00e7\u00f5es finais<\/a>, \u00faltima fase antes do julgamento.<\/p>\n<p><strong>Ap\u00f3s a leitura do relat\u00f3rio, Zanin passar\u00e1 a palavra para a acusa\u00e7\u00e3o e \u00e0s defesas dos r\u00e9us.<\/strong><\/p>\n<p>O procurador-geral da Rep\u00fablica\u00a0ser\u00e1 respons\u00e1vel pela acusa\u00e7\u00e3o. Paulo Gonet ter\u00e1 a palavra pelo prazo de at\u00e9 duas horas para defender a condena\u00e7\u00e3o dos r\u00e9us.<\/p>\n<p>Ap\u00f3s a sustenta\u00e7\u00e3o da PGR, os advogados dos r\u00e9us ser\u00e3o convidados a subir \u00e0 tribuna para as sustenta\u00e7\u00f5es orais em favor de seus clientes. Eles ter\u00e3o prazo de at\u00e9 uma hora para suas considera\u00e7\u00f5es.<\/p>\n<p><strong>O julgamento ser\u00e1 interrompido para o almo\u00e7o por volta das 12h. \u00a0\u00c0 tarde, a sess\u00e3o ser\u00e1 retomada por volta das 14h.<\/strong><\/p>\n<p><strong>Al\u00e9m de Moraes, relator do caso, fazem parte da Primeira Turma os ministros Fl\u00e1vio Dino, C\u00e1rmen L\u00facia, Luiz Fux e Cristiano Zanin.<\/strong><\/p>\n<h2>Votos<\/h2>\n<p><strong>Nas pr\u00f3ximas sess\u00f5es, o primeiro a votar ser\u00e1 Alexandre de Moraes.<\/strong>\u00a0Em sua manifesta\u00e7\u00e3o, o ministro vai analisar quest\u00f5es preliminares suscitadas pelas defesas de Bolsonaro e dos demais acusados, como pedidos de nulidade da dela\u00e7\u00e3o premiada de Mauro Cid, ex-ajudante de ordens e um dos r\u00e9us, alega\u00e7\u00f5es de cerceamento de defesa, pedidos para retirar o caso do STF, al\u00e9m das solicita\u00e7\u00f5es de absolvi\u00e7\u00e3o.<\/p>\n<p>Moraes poder\u00e1 solicitar que a turma delibere imediatamente sobre a quest\u00f5es preliminares ou deixar a an\u00e1lise desses quesitos para vota\u00e7\u00e3o conjunta com o m\u00e9rito.<\/p>\n<p><strong>Ap\u00f3s a abordagem das quest\u00f5es preliminares, Moraes se pronunciar\u00e1 sobre o m\u00e9rito do processo,<\/strong>\u00a0ou seja, se condena ou absolve os acusados e qual o tempo de cumprimento de pena.<\/p>\n<p><strong>A condena\u00e7\u00e3o ou absolvi\u00e7\u00e3o ocorrer\u00e1 com o voto da maioria de tr\u00eas dos cinco ministros da turma<\/strong>.<\/p>\n<h2>Acusa\u00e7\u00f5es<\/h2>\n<p>Pesam contra os acusados a suposta participa\u00e7\u00e3o na elabora\u00e7\u00e3o do plano \u201cPunhal Verde e Amarelo\u201d, com planejamento voltado ao sequestro ou homic\u00eddio do ministro Alexandre de Moraes, do presidente Luiz In\u00e1cio Lula da Silva e do vice-presidente, Geraldo Alckmin.<\/p>\n<p>Tamb\u00e9m consta na den\u00fancia da PGR a produ\u00e7\u00e3o da chamada \u201cminuta do golpe\u201d, documento que seria de conhecimento de Jair Bolsonaro e serviria para a decreta\u00e7\u00e3o de medidas de estado de defesa e de s\u00edtio no pa\u00eds para tentar reverter o resultado das elei\u00e7\u00f5es de 2022 e impedir a posse do presidente Lula.<\/p>\n<p>A den\u00fancia tamb\u00e9m cita o suposto envolvimento dos acusados com os\u00a0atos golpistas de 8 de janeiro de 2023.<\/p>\n<p>&nbsp;<\/p>\n<p>&nbsp;<\/p>\n","protected":false},"excerpt":{"rendered":"<p>\u00a0 \u00a0 \u00a0 \u00a0 \u00a0 \u00a0 \u00a0 \u00a0 \u00a0 \u00a0 \u00a0 \u00a0 \u00a0 \u00a0 \u00a0 \u00a0 \u00a0 \u00a0 Ag\u00eancia Brasil A Primeira Turma do Supremo Tribunal Federal (STF) inicia nesta ter\u00e7a-feira (2), \u00e0s 9h, o julgamento que pode condenar o ex-presidente Jair Bolsonaro e mais sete aliados pela trama golpista para tentar reverter o resultado [&hellip;]<\/p>\n","protected":false},"author":3,"featured_media":17732,"comment_status":"closed","ping_status":"closed","sticky":false,"template":"","format":"standard","meta":{"_links_to":"","_links_to_target":""},"categories":[1],"tags":[],"_links":{"self":[{"href":"https:\/\/www.correiodascidades.com.br\/v1\/wp-json\/wp\/v2\/posts\/17731"}],"collection":[{"href":"https:\/\/www.correiodascidades.com.br\/v1\/wp-json\/wp\/v2\/posts"}],"about":[{"href":"https:\/\/www.correiodascidades.com.br\/v1\/wp-json\/wp\/v2\/types\/post"}],"author":[{"embeddable":true,"href":"https:\/\/www.correiodascidades.com.br\/v1\/wp-json\/wp\/v2\/users\/3"}],"replies":[{"embeddable":true,"href":"https:\/\/www.correiodascidades.com.br\/v1\/wp-json\/wp\/v2\/comments?post=17731"}],"version-history":[{"count":1,"href":"https:\/\/www.correiodascidades.com.br\/v1\/wp-json\/wp\/v2\/posts\/17731\/revisions"}],"predecessor-version":[{"id":17733,"href":"https:\/\/www.correiodascidades.com.br\/v1\/wp-json\/wp\/v2\/posts\/17731\/revisions\/17733"}],"wp:featuredmedia":[{"embeddable":true,"href":"https:\/\/www.correiodascidades.com.br\/v1\/wp-json\/wp\/v2\/media\/17732"}],"wp:attachment":[{"href":"https:\/\/www.correiodascidades.com.br\/v1\/wp-json\/wp\/v2\/media?parent=17731"}],"wp:term":[{"taxonomy":"category","embeddable":true,"href":"https:\/\/www.correiodascidades.com.br\/v1\/wp-json\/wp\/v2\/categories?post=17731"},{"taxonomy":"post_tag","embeddable":true,"href":"https:\/\/www.correiodascidades.com.br\/v1\/wp-json\/wp\/v2\/tags?post=17731"}],"curies":[{"name":"wp","href":"https:\/\/api.w.org\/{rel}","templated":true}]}}