{"id":17734,"date":"2025-09-02T12:01:28","date_gmt":"2025-09-02T15:01:28","guid":{"rendered":"https:\/\/www.correiodascidades.com.br\/v1\/?p=17734"},"modified":"2025-09-02T12:01:28","modified_gmt":"2025-09-02T15:01:28","slug":"paulo-souto-comemora-30-anos-do-sac-relembra-sucesso-do-servico-e-alfineta-pt-por-tentativa-de-reescrever-a-historia","status":"publish","type":"post","link":"https:\/\/www.correiodascidades.com.br\/v1\/2025\/09\/02\/paulo-souto-comemora-30-anos-do-sac-relembra-sucesso-do-servico-e-alfineta-pt-por-tentativa-de-reescrever-a-historia\/","title":{"rendered":"Paulo Souto comemora 30 anos do SAC, relembra sucesso do servi\u00e7o e alfineta PT por \u201ctentativa de reescrever a hist\u00f3ria\u201d"},"content":{"rendered":"<div class=\"entry-header\">\n<h1>\u00a0 \u00a0 \u00a0 \u00a0 \u00a0 \u00a0 \u00a0 \u00a0 \u00a0 \u00a0 \u00a0 \u00a0 \u00a0 \u00a0 \u00a0 \u00a0 \u00a0<img loading=\"lazy\" class=\"\" src=\"https:\/\/www.correiodascidades.com.br\/v1\/wp-content\/uploads\/2025\/09\/IMG-20250901-WA0650.jpg\" width=\"507\" height=\"338\" \/><\/h1>\n<h1 class=\"jeg_post_title\"><em style=\"font-size: 16px;\">O SAC foi criado no primeiro ano de gest\u00e3o de Paulo Souto no Governo da Bahis, em 1995. \u2013 Foto: Jefferson Peixoto\/Secom\/PMS<\/em><\/h1>\n<\/div>\n<div class=\"entry-content with-share\">\n<div class=\"content-inner \">\n<p><span class=\"dropcap \">O<\/span>ex-governador da Bahia Paulo Souto comemorou nesta segunda-feira (1\u00ba) os 30 anos da implanta\u00e7\u00e3o do Servi\u00e7o de Atendimento ao Cidad\u00e3o (SAC), criado em seu primeiro ano de gest\u00e3o, em 1995. Souto relembrou a inaugura\u00e7\u00e3o da primeira unidade, no Instituto do Cacau, no Com\u00e9rcio, em Salvador, quando chamou o equipamento de \u201cshopping de servi\u00e7os p\u00fablicos\u201d, exatamente no dia 1\u00ba de setembro daquele ano.<\/p>\n<p><!--more--><\/p>\n<blockquote>\n<h4>\u201cCom apenas oito meses de governo, inauguramos a primeira loja do SAC. O primeiro cidad\u00e3o atendido conseguiu resolver em 20 minutos um problema que o atormentava h\u00e1 seis anos. Aquilo simbolizava o que quer\u00edamos: rapidez, efici\u00eancia e respeito ao cidad\u00e3o\u201d, disse o ex-governador, que geriu o Executivo baiano por dois mandatos, entre 1995 e 1998 e entre 2003 e 2006. No interior, as primeiras lojas do SAC foram em Feira de Santana e em Santo Ant\u00f4nio de Jesus.<\/h4>\n<\/blockquote>\n<p>Nos primeiros 60 dias de funcionamento, o SAC registrou 158 mil pessoas, o que come\u00e7ou a chamar a aten\u00e7\u00e3o. Na \u00e9poca, o Ministro da Administra\u00e7\u00e3o e Reforma do Estado, Lu\u00eds Carlos Bresser Pereira, visitou o SAC e classificou a iniciativa como \u201cum grande avan\u00e7o para o servi\u00e7o p\u00fablico brasileiro\u201d.<\/p>\n<p>O modelo baiano de atendimento virou refer\u00eancia nacional e internacional. Para se ter uma ideia, destaca Souto, em novembro de 1997, dois anos ap\u00f3s a cria\u00e7\u00e3o do servi\u00e7o, o estado de S\u00e3o Paulo come\u00e7ou a implementar o Poupatempo, inspirado diretamente no SAC. Al\u00e9m disso, foi em sua gest\u00e3o que nasceu o SAC M\u00f3vel, projeto pioneiro de levar os servi\u00e7os de forma itinerante a diferentes regi\u00f5es da Bahia<\/p>\n<p>Al\u00e9m disso, o SAC chegou a receber a visita de Kate Jenkins, consultora internacional que havia integrado o governo de Margaret Thatcher na Inglaterra. Em 1997, tamb\u00e9m recebeu uma comiss\u00e3o do Governo de Portugal, que pretendia implantar o modelo do SAC em 18 cidades e arquip\u00e9lagos de A\u00e7ores e Madeira.<\/p>\n<p>A ONU considerou o SAC um exemplo de servi\u00e7o p\u00fablico eficiente e \u00e1gil. Na \u00e9poca, durante visita a Salvador, o diretor da Divis\u00e3o de Administra\u00e7\u00e3o P\u00fablica e Gest\u00e3o de Desenvolvimento da ONU, Guido Bertucci, ressaltou o pioneirismo da iniciativa e chegou a afirmar que a organiza\u00e7\u00e3o estimularia pa\u00edses da \u00c1sia, Leste Europeu, Am\u00e9rica Latina e \u00c1frica a adotarem modelos semelhantes.<\/p>\n<blockquote>\n<h4>\u201cA ideia era simples, mas revolucion\u00e1ria: dar efici\u00eancia, dignidade e respeito ao tempo das pessoas. O sucesso foi t\u00e3o grande que o SAC se tornou inspira\u00e7\u00e3o para programas semelhantes em outros estados e at\u00e9 em outros pa\u00edses. Hoje, ao completar 30 anos, tenho orgulho de saber que esse servi\u00e7o continua sendo uma refer\u00eancia e que milh\u00f5es de baianos foram beneficiados por uma iniciativa que nasceu do nosso compromisso em modernizar a gest\u00e3o p\u00fablica e aproximar o governo da popula\u00e7\u00e3o\u201d, salientou.<\/h4>\n<\/blockquote>\n<h3>Politiza\u00e7\u00e3o do SAC<\/h3>\n<p>Souto tamb\u00e9m lamentou a forma como o governo do Estado, comandado pelo PT h\u00e1 19 anos, tratou a comemora\u00e7\u00e3o da data. Em nota divulgada na \u00faltima quinta-feira (28), a gest\u00e3o estadual atual fez diversas compara\u00e7\u00f5es com o cen\u00e1rio de 2006, tentando desqualificar os avan\u00e7os do programa durante sua gest\u00e3o.<\/p>\n<p>Ele citou tr\u00eas pontos presentes na nota que apontam para essa tentativa de desqualifica\u00e7\u00e3o.<\/p>\n<blockquote>\n<h4>\u201cPrimeiro, falam dos avan\u00e7os tecnol\u00f3gicos. \u00c9 natural que, passados 19 anos, o SAC tenha avan\u00e7ado tecnologicamente. O que n\u00e3o pode \u00e9 o governo insinuar que, em 2006, o projeto n\u00e3o era moderno. Desde a inaugura\u00e7\u00e3o, n\u00f3s utilizamos o que havia de mais avan\u00e7ado no mundo, tanto que foi reconhecido por diversos organismos nacionais e internacionais, como a ONU\u201d, afirmou Souto.<\/h4>\n<\/blockquote>\n<p>Outro ponto questionado por ele foi a atribui\u00e7\u00e3o da expans\u00e3o ao modelo Ponto SAC, lan\u00e7ado oficialmente em 2008.<\/p>\n<blockquote>\n<h4>\u201cO governo atual tenta vender a ideia de que foi deles a concep\u00e7\u00e3o do Ponto SAC. Mas esse formato compacto j\u00e1 estava planejado e registrado no relat\u00f3rio final do meu segundo governo\u201d, destacou.<\/h4>\n<\/blockquote>\n<p>Souto tamb\u00e9m pontuou a forma como o governo apresentou os n\u00fameros dos atendimentos realizados. Na pr\u00f3pria nota da gest\u00e3o petista, h\u00e1 a informa\u00e7\u00e3o de que o SAC registrou, desde sua inaugura\u00e7\u00e3o, 235 milh\u00f5es de atendimentos, sendo 143 milh\u00f5es nos \u00faltimos 19 anos.<\/p>\n<blockquote>\n<h4>\u201cMas quando se faz a m\u00e9dia anual, os n\u00fameros mostram que nos primeiros 12 anos foram 92 milh\u00f5es de atendimentos, ou seja, 7,66 milh\u00f5es por ano, contra 7,52 milh\u00f5es anualmente nos governos do PT. Ent\u00e3o, em vez de diminuir, deveriam reconhecer que o SAC sempre teve grande desempenho desde a sua cria\u00e7\u00e3o. \u00c9 uma lament\u00e1vel tentativa de reescrever a hist\u00f3ria\u201d, argumentou.<\/h4>\n<\/blockquote>\n<p>Para o ex-governador, a tentativa de politizar um servi\u00e7o t\u00e3o importante para a popula\u00e7\u00e3o n\u00e3o surpreende diante do hist\u00f3rico do PT. \u201cNa verdade, eu j\u00e1 me acostumei com a tese do PT de que a Bahia foi descoberta em 2007\u201d, ironizou.<\/p>\n<blockquote>\n<h4>\u201cO SAC foi, e continua sendo, um marco de cidadania. \u00c9 triste ver um governo usar um servi\u00e7o t\u00e3o importante para tentar descredibilizar advers\u00e1rios. E o pior, fazem isso com um servi\u00e7o que \u00e9 do povo da Bahia\u201d, concluiu.<\/h4>\n<\/blockquote>\n<\/div>\n<\/div>\n","protected":false},"excerpt":{"rendered":"<p>\u00a0 \u00a0 \u00a0 \u00a0 \u00a0 \u00a0 \u00a0 \u00a0 \u00a0 \u00a0 \u00a0 \u00a0 \u00a0 \u00a0 \u00a0 \u00a0 \u00a0 O SAC foi criado no primeiro ano de gest\u00e3o de Paulo Souto no Governo da Bahis, em 1995. \u2013 Foto: Jefferson Peixoto\/Secom\/PMS Oex-governador da Bahia Paulo Souto comemorou nesta segunda-feira (1\u00ba) os 30 anos da implanta\u00e7\u00e3o do Servi\u00e7o [&hellip;]<\/p>\n","protected":false},"author":3,"featured_media":17735,"comment_status":"closed","ping_status":"closed","sticky":false,"template":"","format":"standard","meta":{"_links_to":"","_links_to_target":""},"categories":[1],"tags":[],"_links":{"self":[{"href":"https:\/\/www.correiodascidades.com.br\/v1\/wp-json\/wp\/v2\/posts\/17734"}],"collection":[{"href":"https:\/\/www.correiodascidades.com.br\/v1\/wp-json\/wp\/v2\/posts"}],"about":[{"href":"https:\/\/www.correiodascidades.com.br\/v1\/wp-json\/wp\/v2\/types\/post"}],"author":[{"embeddable":true,"href":"https:\/\/www.correiodascidades.com.br\/v1\/wp-json\/wp\/v2\/users\/3"}],"replies":[{"embeddable":true,"href":"https:\/\/www.correiodascidades.com.br\/v1\/wp-json\/wp\/v2\/comments?post=17734"}],"version-history":[{"count":1,"href":"https:\/\/www.correiodascidades.com.br\/v1\/wp-json\/wp\/v2\/posts\/17734\/revisions"}],"predecessor-version":[{"id":17736,"href":"https:\/\/www.correiodascidades.com.br\/v1\/wp-json\/wp\/v2\/posts\/17734\/revisions\/17736"}],"wp:featuredmedia":[{"embeddable":true,"href":"https:\/\/www.correiodascidades.com.br\/v1\/wp-json\/wp\/v2\/media\/17735"}],"wp:attachment":[{"href":"https:\/\/www.correiodascidades.com.br\/v1\/wp-json\/wp\/v2\/media?parent=17734"}],"wp:term":[{"taxonomy":"category","embeddable":true,"href":"https:\/\/www.correiodascidades.com.br\/v1\/wp-json\/wp\/v2\/categories?post=17734"},{"taxonomy":"post_tag","embeddable":true,"href":"https:\/\/www.correiodascidades.com.br\/v1\/wp-json\/wp\/v2\/tags?post=17734"}],"curies":[{"name":"wp","href":"https:\/\/api.w.org\/{rel}","templated":true}]}}