{"id":1774,"date":"2022-11-30T12:06:27","date_gmt":"2022-11-30T15:06:27","guid":{"rendered":"https:\/\/www.correiodascidades.com.br\/v1\/?p=1774"},"modified":"2022-11-30T12:12:47","modified_gmt":"2022-11-30T15:12:47","slug":"roberto-martins-lanca-mais-um-livro-e-nos-remete-ao-reino-das-arabias-onde-acontece-a-copa-2022","status":"publish","type":"post","link":"https:\/\/www.correiodascidades.com.br\/v1\/2022\/11\/30\/roberto-martins-lanca-mais-um-livro-e-nos-remete-ao-reino-das-arabias-onde-acontece-a-copa-2022\/","title":{"rendered":"Roberto Martins lan\u00e7a mais um livro e nos remete ao Reino das Ar\u00e1bias, onde acontece a Copa 2022"},"content":{"rendered":"<div id=\"attachment_1775\" style=\"width: 767px\" class=\"wp-caption alignnone\"><img aria-describedby=\"caption-attachment-1775\" loading=\"lazy\" class=\"wp-image-1775 size-full\" src=\"https:\/\/www.correiodascidades.com.br\/v1\/wp-content\/uploads\/2022\/11\/IMG-20221130-WA0051.jpg\" alt=\"\" width=\"757\" height=\"506\" srcset=\"https:\/\/www.correiodascidades.com.br\/v1\/wp-content\/uploads\/2022\/11\/IMG-20221130-WA0051.jpg 757w, https:\/\/www.correiodascidades.com.br\/v1\/wp-content\/uploads\/2022\/11\/IMG-20221130-WA0051-300x201.jpg 300w, https:\/\/www.correiodascidades.com.br\/v1\/wp-content\/uploads\/2022\/11\/IMG-20221130-WA0051-600x401.jpg 600w\" sizes=\"(max-width: 757px) 100vw, 757px\" \/><p id=\"caption-attachment-1775\" class=\"wp-caption-text\">Roberto Martins e o radialista Paulo Henrique. Foto: Redes sociais<\/p><\/div>\n<p><strong>Por Rose Marie Galv\u00e3o<\/strong><\/p>\n<p>O jornalista e escritor Roberto Martins lan\u00e7a um novo t\u00edtulo nesta quinta-feira, \u00e0s 18 horas, no Espa\u00e7o Cultural Viola de Bolso, na Rua Guarany, 38, no Bairro do Gusm\u00e3o, em Eun\u00e1polis. Para divulgar o evento, Roberto foi recebido nos est\u00fadios da R\u00e1dio Ativa FM, nesta ter\u00e7a-feira (dia 29 de nov.) pelo radialista e reconhecido comunicador Paulo Henrique, que comanda as manh\u00e3s do r\u00e1dio regional com o programa \u201cR\u00e1dio Show\u201d.<\/p>\n<p><!--more--><\/p>\n<p>Durante quase uma hora e meia (das 11h \u00e0s 12:26h) de bate-papo, e face \u00e0 versatilidade do entrevistador, o escritor pode revelar muito da hist\u00f3ria de Almasor, o filho de emigrante s\u00edrio-liban\u00eas que trouxe \u201cdas ar\u00e1bias\u201d o amor pelo livro e a cultura e findou aportando no extremo sul da Bahia, em pleno ciclo do jacarand\u00e1.<\/p>\n<p>\u201cDo Golfo \u00c1rabe ao extremo-sul baiano, com passagem por Alexandria e Recife, a regi\u00e3o cacaueira, a explora\u00e7\u00e3o da madeira, tudo isso e muito mais encaixado ali no meio de uma vida de luta e de uma curiosa promessa que fez ao pai no leito da morte: reunir 5 mil metros de livros e difundir o conhecimento!\u201d disse Roberto sobre seu personagem.<\/p>\n<p>Para quem gosta do g\u00eanero, \u201cO Mercado de livros\u201d recebeu uma resenha cr\u00edtica da escritora Ari\u00e1dini Santos, onde ela se releva encantada com a presen\u00e7a do historiador Roberto, e ao mesmo tempo, surpresa com a hist\u00f3ria dentro da Hist\u00f3ria. \u201dRoberto Martins se superou como narrador de fic\u00e7\u00e3o\u201d, resume.<\/p>\n<p>Para Ari\u00e1dini Santos, \u201cas viv\u00eancias de Almasor, protagonista, conduzem o leitor a espa\u00e7os e culturas diversas, provocam reflex\u00e3o sobre a relatividade do que se pode considerar \u00e9tico, e que n\u00e3o h\u00e1 falta de \u00e9tica quando o instinto de sobreviv\u00eancia se faz urgente.<\/p>\n<p>Sobreviveu \u00e0s tantas adversidades em busca da vit\u00f3ria, a que foi predestinado desde o batismo, para viver cultuando a arte\u201d.<\/p>\n<p>\u201cErudito e leve\u201d, segue a resenhista, \u201cO Mercador de Livros \u00e9 leitura indispens\u00e1vel para todos que apreciam uma boa e bem escrita hist\u00f3ria, daquelas que despertam em quem l\u00ea o desejo de tomar um cafezinho com o personagem, sentir que ele existe, desejar que ele exista.<\/p>\n<p>Gostei de saber por que os \u00e1rabes s\u00e3o chamados de turcos, anotei que preciso ler um conto de certo escritor do Romantismo franc\u00eas, viajei do Imp\u00e9rio Otomano \u00e0s margens do Jequitinhonha, me embebeci de Almasor e de seus livros\u201d. Completa a escritora.<\/p>\n","protected":false},"excerpt":{"rendered":"<p>Por Rose Marie Galv\u00e3o O jornalista e escritor Roberto Martins lan\u00e7a um novo t\u00edtulo nesta quinta-feira, \u00e0s 18 horas, no Espa\u00e7o Cultural Viola de Bolso, na Rua Guarany, 38, no Bairro do Gusm\u00e3o, em Eun\u00e1polis. Para divulgar o evento, Roberto foi recebido nos est\u00fadios da R\u00e1dio Ativa FM, nesta ter\u00e7a-feira (dia 29 de nov.) pelo [&hellip;]<\/p>\n","protected":false},"author":3,"featured_media":1775,"comment_status":"closed","ping_status":"closed","sticky":false,"template":"","format":"standard","meta":{"_links_to":"","_links_to_target":""},"categories":[6],"tags":[],"_links":{"self":[{"href":"https:\/\/www.correiodascidades.com.br\/v1\/wp-json\/wp\/v2\/posts\/1774"}],"collection":[{"href":"https:\/\/www.correiodascidades.com.br\/v1\/wp-json\/wp\/v2\/posts"}],"about":[{"href":"https:\/\/www.correiodascidades.com.br\/v1\/wp-json\/wp\/v2\/types\/post"}],"author":[{"embeddable":true,"href":"https:\/\/www.correiodascidades.com.br\/v1\/wp-json\/wp\/v2\/users\/3"}],"replies":[{"embeddable":true,"href":"https:\/\/www.correiodascidades.com.br\/v1\/wp-json\/wp\/v2\/comments?post=1774"}],"version-history":[{"count":2,"href":"https:\/\/www.correiodascidades.com.br\/v1\/wp-json\/wp\/v2\/posts\/1774\/revisions"}],"predecessor-version":[{"id":1777,"href":"https:\/\/www.correiodascidades.com.br\/v1\/wp-json\/wp\/v2\/posts\/1774\/revisions\/1777"}],"wp:featuredmedia":[{"embeddable":true,"href":"https:\/\/www.correiodascidades.com.br\/v1\/wp-json\/wp\/v2\/media\/1775"}],"wp:attachment":[{"href":"https:\/\/www.correiodascidades.com.br\/v1\/wp-json\/wp\/v2\/media?parent=1774"}],"wp:term":[{"taxonomy":"category","embeddable":true,"href":"https:\/\/www.correiodascidades.com.br\/v1\/wp-json\/wp\/v2\/categories?post=1774"},{"taxonomy":"post_tag","embeddable":true,"href":"https:\/\/www.correiodascidades.com.br\/v1\/wp-json\/wp\/v2\/tags?post=1774"}],"curies":[{"name":"wp","href":"https:\/\/api.w.org\/{rel}","templated":true}]}}