{"id":17740,"date":"2025-09-02T14:06:00","date_gmt":"2025-09-02T17:06:00","guid":{"rendered":"https:\/\/www.correiodascidades.com.br\/v1\/?p=17740"},"modified":"2025-09-02T14:06:00","modified_gmt":"2025-09-02T17:06:00","slug":"ilheus-colisao-na-pista-da-nova-orla-estrada-centro-olivenca","status":"publish","type":"post","link":"https:\/\/www.correiodascidades.com.br\/v1\/2025\/09\/02\/ilheus-colisao-na-pista-da-nova-orla-estrada-centro-olivenca\/","title":{"rendered":"ILH\u00c9US: Colis\u00e3o na pista da nova orla estrada centro Oliven\u00e7a"},"content":{"rendered":"<p><img loading=\"lazy\" class=\"\" src=\"https:\/\/www.correiodascidades.com.br\/v1\/wp-content\/uploads\/2025\/09\/c661125d-cae0-405c-94f8-63e08f6acc37-batida.jpg\" width=\"500\" height=\"375\" \/><\/p>\n<p>Dois carros se chocaram bateram na BA-001, trecho de Ilh\u00e9us, Oliven\u00e7a, outros dois carros tamb\u00e9m se bateram na mesma pista, dando no\u00e7\u00f5es exata que est\u00e1 tudo errado no local a n\u00edvel de sinaliza\u00e7\u00e3o e realiza\u00e7\u00e3o da citada pista.<\/p>\n<p>Para a empresa que realizou os trabalhos da pista est\u00e1 tudo certo, para a prefeitura tamb\u00e9m, o detalhe \u00e9 que algu\u00e9m que tenha o m\u00ednimo de no\u00e7\u00e3o de transito logo observar\u00e1 que muita coisa est\u00e1 errada.<\/p>\n<p><img loading=\"lazy\" class=\"alignnone  wp-image-17742\" src=\"https:\/\/www.correiodascidades.com.br\/v1\/wp-content\/uploads\/2025\/09\/7dac1749-07e1-4182-961c-cc9e165fc2a0.jpg\" alt=\"\" width=\"500\" height=\"375\" \/><\/p>\n<p>Enquanto n\u00e3o conseguirem observar que algo est\u00e1 errado, com o grande numero de acidentes que acontecem diariamente os acidentes v\u00e3o continuar acontecendo.<\/p>\n<p>Somente na manh\u00e3 desta ter\u00e7a-feira, dois acidentes na mesma via aconteceu. Dois carros bateram sentido, Oliven\u00e7a, dois carros bateram sentido centro. <!--more--><\/p>\n<p>A policia Militar foi chamada para resolver o sinistro, pois ali \u00e9 uma via comandada pela Companhia do Rodovi\u00e1rio Tor, que tem como base de apoio, a sa\u00edda da cidade, e est\u00e1 localizada a mais de vinte quil\u00f4metro, pr\u00f3ximo de Itabuna.<\/p>\n<p>&nbsp;<\/p>\n","protected":false},"excerpt":{"rendered":"<p>Dois carros se chocaram bateram na BA-001, trecho de Ilh\u00e9us, Oliven\u00e7a, outros dois carros tamb\u00e9m se bateram na mesma pista, dando no\u00e7\u00f5es exata que est\u00e1 tudo errado no local a n\u00edvel de sinaliza\u00e7\u00e3o e realiza\u00e7\u00e3o da citada pista. Para a empresa que realizou os trabalhos da pista est\u00e1 tudo certo, para a prefeitura tamb\u00e9m, o [&hellip;]<\/p>\n","protected":false},"author":3,"featured_media":17741,"comment_status":"closed","ping_status":"closed","sticky":false,"template":"","format":"standard","meta":{"_links_to":"","_links_to_target":""},"categories":[1],"tags":[],"_links":{"self":[{"href":"https:\/\/www.correiodascidades.com.br\/v1\/wp-json\/wp\/v2\/posts\/17740"}],"collection":[{"href":"https:\/\/www.correiodascidades.com.br\/v1\/wp-json\/wp\/v2\/posts"}],"about":[{"href":"https:\/\/www.correiodascidades.com.br\/v1\/wp-json\/wp\/v2\/types\/post"}],"author":[{"embeddable":true,"href":"https:\/\/www.correiodascidades.com.br\/v1\/wp-json\/wp\/v2\/users\/3"}],"replies":[{"embeddable":true,"href":"https:\/\/www.correiodascidades.com.br\/v1\/wp-json\/wp\/v2\/comments?post=17740"}],"version-history":[{"count":1,"href":"https:\/\/www.correiodascidades.com.br\/v1\/wp-json\/wp\/v2\/posts\/17740\/revisions"}],"predecessor-version":[{"id":17743,"href":"https:\/\/www.correiodascidades.com.br\/v1\/wp-json\/wp\/v2\/posts\/17740\/revisions\/17743"}],"wp:featuredmedia":[{"embeddable":true,"href":"https:\/\/www.correiodascidades.com.br\/v1\/wp-json\/wp\/v2\/media\/17741"}],"wp:attachment":[{"href":"https:\/\/www.correiodascidades.com.br\/v1\/wp-json\/wp\/v2\/media?parent=17740"}],"wp:term":[{"taxonomy":"category","embeddable":true,"href":"https:\/\/www.correiodascidades.com.br\/v1\/wp-json\/wp\/v2\/categories?post=17740"},{"taxonomy":"post_tag","embeddable":true,"href":"https:\/\/www.correiodascidades.com.br\/v1\/wp-json\/wp\/v2\/tags?post=17740"}],"curies":[{"name":"wp","href":"https:\/\/api.w.org\/{rel}","templated":true}]}}