{"id":17747,"date":"2025-09-03T08:01:14","date_gmt":"2025-09-03T11:01:14","guid":{"rendered":"https:\/\/www.correiodascidades.com.br\/v1\/?p=17747"},"modified":"2025-09-03T08:01:14","modified_gmt":"2025-09-03T11:01:14","slug":"ilheus-associacao-dos-renais-cronicos-alerta-para-o-setembro-verde","status":"publish","type":"post","link":"https:\/\/www.correiodascidades.com.br\/v1\/2025\/09\/03\/ilheus-associacao-dos-renais-cronicos-alerta-para-o-setembro-verde\/","title":{"rendered":"ILH\u00c9US: Associa\u00e7\u00e3o dos Renais Cr\u00f4nicos alerta para o setembro verde"},"content":{"rendered":"<p><img loading=\"lazy\" class=\"\" src=\"https:\/\/www.correiodascidades.com.br\/v1\/wp-content\/uploads\/2025\/09\/967b6004-f17f-4ab1-8919-3b7cdc8def9e.jpeg\" width=\"409\" height=\"412\" \/><\/p>\n<p>O m\u00eas de setembro passou a ser tamb\u00e9m uma data onde as pessoas devem estar preocupadas com um ato de observa\u00e7\u00e3o do corpo, este nada mais \u00e9 do que a doa\u00e7\u00e3o de \u00f3rg\u00e3os.<!--more--><\/p>\n<p>Monica Alves, e Lina Carla, falaram em entrevista ao Radialista Luke Rei na tarde desta ter\u00e7a-feira, sobre a import\u00e2ncia na doa\u00e7\u00e3o de \u00f3rg\u00e3os em especial para o transplante de rins.<\/p>\n<p>Uma doa\u00e7\u00e3o salva vidas, e para os renais o gesto de doa\u00e7\u00e3o de \u00f3rg\u00e3os retira a pessoa de uma fila que parece nunca chegar ao seu final. Monica falou das dificuldades que um renal cr\u00f4nico precisa para ter uma sa\u00fade com dias normais.<\/p>\n<p>Ela disse que s\u00e3o horas na m\u00e1quina, e explicou como tudo acontece e o que \u00e9 (Hemodi\u00e1lise), segundo ela, uma pessoa necessita do tratamento\u00a0quando os rins n\u00e3o conseguem filtrar o sangue e remover res\u00edduos e excesso de l\u00edquidos do corpo, o que ocorre em casos de insufici\u00eancia renal grave. Esse tratamento \u00e9 indicado pelo m\u00e9dico\u00a0<a href=\"https:\/\/www.google.com\/search?q=nefrologista&amp;oq=o+que+faz+uma+pessoa+para+fazer+hemodialize&amp;gs_lcrp=EgZjaHJvbWUyBggAEEUYOTIJCAEQIRgKGKABMgkIAhAhGAoYoAEyCQgDECEYChigATIJCAQQIRgKGKAB0gEJMTk1MThqMGo3qAIAsAIA&amp;sourceid=chrome&amp;ie=UTF-8&amp;mstk=AUtExfC_r6Q1gtip5XM9NKirKGbacauyQ9xUgoZpn5AeW9uZ5fJ0_S3wwzkSmjKvUBTgK-hlhf80rKoHZ2ii3i3da9nwUd31Wje9SVuD-a1cilS7LzRoTZSeHxwriz_Dw9BrP9fZotYmMvRuSpuj8_D9PrtryCYia0NAx8kn5i4U4Q67KEM&amp;csui=3&amp;ved=2ahUKEwjKjbzYpryPAxWOCrkGHYDPBbgQgK4QegQIAhAC\" data-wiz-rootname=\"sQeGi\" data-ved=\"2ahUKEwjKjbzYpryPAxWOCrkGHYDPBbgQgK4QegQIAhAC\" data-hveid=\"CAIQAg\" data-processed=\"true\">nefrologista<\/a>, sendo indicado para casos agudos ou cr\u00f4nicos e pode ser necess\u00e1rio enquanto o paciente aguarda um\u00a0<a href=\"https:\/\/www.google.com\/search?q=transplante+renal&amp;oq=o+que+faz+uma+pessoa+para+fazer+hemodialize&amp;gs_lcrp=EgZjaHJvbWUyBggAEEUYOTIJCAEQIRgKGKABMgkIAhAhGAoYoAEyCQgDECEYChigATIJCAQQIRgKGKAB0gEJMTk1MThqMGo3qAIAsAIA&amp;sourceid=chrome&amp;ie=UTF-8&amp;mstk=AUtExfC_r6Q1gtip5XM9NKirKGbacauyQ9xUgoZpn5AeW9uZ5fJ0_S3wwzkSmjKvUBTgK-hlhf80rKoHZ2ii3i3da9nwUd31Wje9SVuD-a1cilS7LzRoTZSeHxwriz_Dw9BrP9fZotYmMvRuSpuj8_D9PrtryCYia0NAx8kn5i4U4Q67KEM&amp;csui=3&amp;ved=2ahUKEwjKjbzYpryPAxWOCrkGHYDPBbgQgK4QegQIAhAD\" data-wiz-rootname=\"sQeGi\" data-ved=\"2ahUKEwjKjbzYpryPAxWOCrkGHYDPBbgQgK4QegQIAhAD\" data-hveid=\"CAIQAw\" data-processed=\"true\">transplante renal<\/a>. A hemodi\u00e1lise funciona retirando o sangue do paciente, que \u00e9 filtrado por uma m\u00e1quina para remover toxinas e excesso de fluidos, antes de ser devolvido ao corpo.<span data-animation-atomic=\"\" data-processed=\"true\">\u00a0<\/span><\/p>\n<p>J\u00e1 Lina Carla, representando a Secretaria de Sa\u00fade, falou do compromisso da entidade \u201cprefeitura\u201d com a institui\u00e7\u00e3o que realiza os atendimentos e da rela\u00e7\u00e3o com os pacientes de modo em geral.<\/p>\n<p>Carla explicou como a parceria funciona e pediu o apoio do povo de modo em geral.<\/p>\n<p>A entrevista durou cerca de 50 minutos e os mesmos se deram por satisfeitos.<\/p>\n","protected":false},"excerpt":{"rendered":"<p>O m\u00eas de setembro passou a ser tamb\u00e9m uma data onde as pessoas devem estar preocupadas com um ato de observa\u00e7\u00e3o do corpo, este nada mais \u00e9 do que a doa\u00e7\u00e3o de \u00f3rg\u00e3os.<\/p>\n","protected":false},"author":3,"featured_media":17748,"comment_status":"closed","ping_status":"closed","sticky":false,"template":"","format":"standard","meta":{"_links_to":"","_links_to_target":""},"categories":[1],"tags":[],"_links":{"self":[{"href":"https:\/\/www.correiodascidades.com.br\/v1\/wp-json\/wp\/v2\/posts\/17747"}],"collection":[{"href":"https:\/\/www.correiodascidades.com.br\/v1\/wp-json\/wp\/v2\/posts"}],"about":[{"href":"https:\/\/www.correiodascidades.com.br\/v1\/wp-json\/wp\/v2\/types\/post"}],"author":[{"embeddable":true,"href":"https:\/\/www.correiodascidades.com.br\/v1\/wp-json\/wp\/v2\/users\/3"}],"replies":[{"embeddable":true,"href":"https:\/\/www.correiodascidades.com.br\/v1\/wp-json\/wp\/v2\/comments?post=17747"}],"version-history":[{"count":1,"href":"https:\/\/www.correiodascidades.com.br\/v1\/wp-json\/wp\/v2\/posts\/17747\/revisions"}],"predecessor-version":[{"id":17749,"href":"https:\/\/www.correiodascidades.com.br\/v1\/wp-json\/wp\/v2\/posts\/17747\/revisions\/17749"}],"wp:featuredmedia":[{"embeddable":true,"href":"https:\/\/www.correiodascidades.com.br\/v1\/wp-json\/wp\/v2\/media\/17748"}],"wp:attachment":[{"href":"https:\/\/www.correiodascidades.com.br\/v1\/wp-json\/wp\/v2\/media?parent=17747"}],"wp:term":[{"taxonomy":"category","embeddable":true,"href":"https:\/\/www.correiodascidades.com.br\/v1\/wp-json\/wp\/v2\/categories?post=17747"},{"taxonomy":"post_tag","embeddable":true,"href":"https:\/\/www.correiodascidades.com.br\/v1\/wp-json\/wp\/v2\/tags?post=17747"}],"curies":[{"name":"wp","href":"https:\/\/api.w.org\/{rel}","templated":true}]}}