{"id":17750,"date":"2025-09-03T08:27:24","date_gmt":"2025-09-03T11:27:24","guid":{"rendered":"https:\/\/www.correiodascidades.com.br\/v1\/?p=17750"},"modified":"2025-09-03T08:27:24","modified_gmt":"2025-09-03T11:27:24","slug":"cpmi-do-inss-aprova-pedido-de-prisao-preventiva-de-21-investigados","status":"publish","type":"post","link":"https:\/\/www.correiodascidades.com.br\/v1\/2025\/09\/03\/cpmi-do-inss-aprova-pedido-de-prisao-preventiva-de-21-investigados\/","title":{"rendered":"CPMI do INSS aprova pedido de pris\u00e3o preventiva de 21 investigados"},"content":{"rendered":"<p><img loading=\"lazy\" class=\"\" src=\"https:\/\/www.correiodascidades.com.br\/v1\/wp-content\/uploads\/2025\/09\/cpmidosaposentadps-agsenado.jpg\" width=\"503\" height=\"333\" \/><\/p>\n<p><span class=\"dropcap \">A <\/span>CPMI do INSS aprovou, com 26 votos a favor e nenhum contr\u00e1rio, requerimento em que pede ao Supremo Tribunal (STF) a decreta\u00e7\u00e3o da pris\u00e3o preventiva de 21 pessoas denunciadas por envolvimento nas fraudes contra aposentados e pensionistas. <!--more--><\/p>\n<p>Entre as pessoas listadas no\u00a0<a href=\"https:\/\/legis.senado.leg.br\/sdleg-getter\/documento?dm=10037906\" target=\"_blank\" rel=\"noopener\">requerimento<\/a>\u00a0est\u00e3o\u00a0Ant\u00f4nio Carlos Camilo Antunes, o \u201ccareca do INSS\u201d, lobista;\u00a0Alessandro Stefanutto, ex-presidente do \u00f3rg\u00e3o;\u00a0Maur\u00edcio Camisotti, empres\u00e1rio controlador de associa\u00e7\u00f5es investigadas;\u00a0Andr\u00e9 Fidelis, ex-diretor de Benef\u00edcios do INSS;\u00a0Virg\u00edlio de Oliveira Filho, ex-procurador-geral e\u00a0Vanderlei Barbosa dos Santos, ex-diretor da institui\u00e7\u00e3o.<\/p>\n<p>O presidente da comiss\u00e3o, o senador Carlos Viana (Podemos-MG), disse que todos os listados j\u00e1 constam nas investiga\u00e7\u00f5es da Pol\u00edcia Federal e da Controladoria-Geral da Uni\u00e3o (CGU). O ministro Andr\u00e9 Mendon\u00e7a, do STF, dever\u00e1 decidir sobre o pedido de pris\u00e3o preventiva.<\/p>\n<p>\u2014 A Pol\u00edcia Federal tem nomes, a Pol\u00edcia Federal tem os meios, tem [informa\u00e7\u00f5es de] como todo o dinheiro foi retirado das contas dos aposentados, e n\u00f3s n\u00e3o temos ningu\u00e9m preso at\u00e9 hoje. N\u00f3s n\u00e3o temos um bloqueio de bens at\u00e9 o momento. Isso \u00e9 de uma impunidade vergonhosa no Brasil \u2014 afirmou Carlos Viana.<\/p>\n<p>A ideia da pris\u00e3o preventiva partiu do relator da CPMI, o deputado federal Alfredo Gaspar (Uni\u00e3o-AL), durante o\u00a0<a href=\"https:\/\/www.jornaldamidia.com.br\/noticias\/materias\/2025\/09\/01\/advogado-detalha-esquema-de-fraudes-no-inss-cpmi-vai-pedir-prisoes\" target=\"_blank\" rel=\"noopener\">depoimento do advogado Eli Cohen<\/a>\u00a0nesta segunda-feira (1\u00ba). De acordo com o requerimento, as pris\u00f5es s\u00e3o necess\u00e1rias \u201cpor conveni\u00eancia da instru\u00e7\u00e3o criminal, garantia da ordem p\u00fablica e para assegurar a aplica\u00e7\u00e3o da lei penal\u201d.<\/p>\n<p>A lista completa a ser encaminhada ao STF \u00e9 a seguinte:<\/p>\n<p>1. Andr\u00e9 Paulo Fidelis;<br \/>\n2. Eric Douglas Fidelis;<br \/>\n3. Cec\u00edlia Rodrigues Mota;<br \/>\n4. Virg\u00edlio Ant\u00f4nio Ribeiro de Oliveira Filho;<br \/>\n5. Thaisa Hoffmann Jonasson;<br \/>\n6. Maria Paula Xavier da Fonseca Oliveira;<br \/>\n7. Alexandre Guimar\u00e3es;<br \/>\n8. Ant\u00f4nio Carlos Camilo Antunes;<br \/>\n9. Rubens Oliveira Costa;<br \/>\n10. Romeu Carvalho Antunes;<br \/>\n11. Domingos S\u00e1vio de Castro;<br \/>\n12. Milton Salvador de Almeida Junior;<br \/>\n13. Adelinon Rodrigues Junior;<br \/>\n14. Alessandro Ant\u00f4nio Stefanutto;<br \/>\n15. Geovani Batista Spiecker;<br \/>\n16. Reinaldo Carlos Barroso de Almeida;<br \/>\n17. Vanderlei Barbosa dos Santos;<br \/>\n18. Jucimar Fonseca da Silva;<br \/>\n19. Philipe Roters Coutinho;<br \/>\n20. Maur\u00edcio Camissotti;<br \/>\n21. M\u00e1rcio Alaor de Ara\u00fajo.<\/p>\n<p>O advogado Eli Cohen respondeu a questionamentos de deputados e senadores por mais de oito horas. Participaram da reuni\u00e3o os senadores Izalci Lucas (PL-DF), Leila Barros (PDT-DF), Tereza Cristina (PP-MS), Soraya Thronicke (Podemos-MS), Jorge Seif (PL-SC) e Randolfe Rodrigues (PT-AP) e os deputados\u00a0Delegado Fabio Costa (PP-AL), Coronel Fernanda (PL-MT), Beto Pereira (PSDB-MS) e M\u00e1rio Heringer (PDT-MG), entre outros.<\/p>\n<p>O senador Jorge Seif destacou que a Pol\u00edcia Federal apontou nomes \u201cde senadores e deputados que recebiam mesadas das institui\u00e7\u00f5es que roubaram os aposentados\u201d. Ele protocolou requerimento na comiss\u00e3o pedindo que a PF revele esses nomes.<\/p>\n<p>Os deputados Rog\u00e9rio Correia (PT-MG) e Paulo Pimenta (PT-RS) questionaram a for\u00e7a do depoimento do advogado por n\u00e3o ter apresentado provas das den\u00fancias e acusa\u00e7\u00f5es que apresentou.<\/p>\n<p>Cohen afirmou ainda em seu depoimento que esquema criminoso similar ocorre em rela\u00e7\u00e3o aos empr\u00e9stimos consignados a aposentados e pensionistas. Segundo ele, bancos estariam envolvidos nessas supostas fraudes, como Banco BMG, Banco Master e Picpay.<\/p>\n<p><strong>Fonte: Ag\u00eancia Senado<\/strong><\/p>\n","protected":false},"excerpt":{"rendered":"<p>A CPMI do INSS aprovou, com 26 votos a favor e nenhum contr\u00e1rio, requerimento em que pede ao Supremo Tribunal (STF) a decreta\u00e7\u00e3o da pris\u00e3o preventiva de 21 pessoas denunciadas por envolvimento nas fraudes contra aposentados e pensionistas.<\/p>\n","protected":false},"author":3,"featured_media":17751,"comment_status":"closed","ping_status":"closed","sticky":false,"template":"","format":"standard","meta":{"_links_to":"","_links_to_target":""},"categories":[1],"tags":[],"_links":{"self":[{"href":"https:\/\/www.correiodascidades.com.br\/v1\/wp-json\/wp\/v2\/posts\/17750"}],"collection":[{"href":"https:\/\/www.correiodascidades.com.br\/v1\/wp-json\/wp\/v2\/posts"}],"about":[{"href":"https:\/\/www.correiodascidades.com.br\/v1\/wp-json\/wp\/v2\/types\/post"}],"author":[{"embeddable":true,"href":"https:\/\/www.correiodascidades.com.br\/v1\/wp-json\/wp\/v2\/users\/3"}],"replies":[{"embeddable":true,"href":"https:\/\/www.correiodascidades.com.br\/v1\/wp-json\/wp\/v2\/comments?post=17750"}],"version-history":[{"count":1,"href":"https:\/\/www.correiodascidades.com.br\/v1\/wp-json\/wp\/v2\/posts\/17750\/revisions"}],"predecessor-version":[{"id":17752,"href":"https:\/\/www.correiodascidades.com.br\/v1\/wp-json\/wp\/v2\/posts\/17750\/revisions\/17752"}],"wp:featuredmedia":[{"embeddable":true,"href":"https:\/\/www.correiodascidades.com.br\/v1\/wp-json\/wp\/v2\/media\/17751"}],"wp:attachment":[{"href":"https:\/\/www.correiodascidades.com.br\/v1\/wp-json\/wp\/v2\/media?parent=17750"}],"wp:term":[{"taxonomy":"category","embeddable":true,"href":"https:\/\/www.correiodascidades.com.br\/v1\/wp-json\/wp\/v2\/categories?post=17750"},{"taxonomy":"post_tag","embeddable":true,"href":"https:\/\/www.correiodascidades.com.br\/v1\/wp-json\/wp\/v2\/tags?post=17750"}],"curies":[{"name":"wp","href":"https:\/\/api.w.org\/{rel}","templated":true}]}}