{"id":17756,"date":"2025-09-03T08:53:53","date_gmt":"2025-09-03T11:53:53","guid":{"rendered":"https:\/\/www.correiodascidades.com.br\/v1\/?p=17756"},"modified":"2025-09-03T08:53:53","modified_gmt":"2025-09-03T11:53:53","slug":"olivenca-ganha-escola-modelo-com-horta-educativa-e-bebedouro-de-agua-tratada","status":"publish","type":"post","link":"https:\/\/www.correiodascidades.com.br\/v1\/2025\/09\/03\/olivenca-ganha-escola-modelo-com-horta-educativa-e-bebedouro-de-agua-tratada\/","title":{"rendered":"Oliven\u00e7a ganha escola modelo com horta educativa e bebedouro de \u00e1gua tratada"},"content":{"rendered":"<p><img loading=\"lazy\" class=\"\" src=\"https:\/\/www.correiodascidades.com.br\/v1\/wp-content\/uploads\/2025\/09\/2543db66-7859-4cc7-9889-b6066934f8da.jpeg\" width=\"455\" height=\"303\" \/><\/p>\n<p>Programa \u00e9 uma parceria entre a Funda\u00e7\u00e3o Nestl\u00e9, Instituto Crescer, \u00c1gua Camelo e a Prefeitura de Ilh\u00e9us;<\/p>\n<p>A Escola Municipal S\u00e9rgio Carneiro, em Oliven\u00e7a, tornou-se a primeira institui\u00e7\u00e3o de ensino do sul da Bahia a receber as a\u00e7\u00f5es do programa Nestl\u00e9 por Crian\u00e7as Mais Saud\u00e1veis, que leva hortas educativas e bebedouros com \u00e1gua tratada para estudantes da rede p\u00fablica. A iniciativa, realizada em parceria com a Prefeitura de Ilh\u00e9us, foi apresentada na \u00faltima quarta-feira (27), com apresenta\u00e7\u00f5es culturais dos alunos, presen\u00e7as de autoridades municipais, representantes da Funda\u00e7\u00e3o Nestl\u00e9 e parceiros do projeto. <!--more--><\/p>\n<p>A vice-prefeita de Ilh\u00e9us, Wanessa Gedeon, destacou a import\u00e2ncia da iniciativa para o futuro da cidade: \u201cN\u00e3o tenho palavras para expressar o momento que estamos vivendo hoje. Esse projeto \u00e9 incr\u00edvel. Tenho certeza que ele transforma vidas e \u00e9 isso que queremos com a nossa gest\u00e3o. Estamos construindo o futuro!\u201d.<\/p>\n<p>Desenvolvido pela Funda\u00e7\u00e3o Nestl\u00e9 em parceria com a startup \u00c1gua Camelo e o Instituto Crescer, o programa prev\u00ea contemplar 16 escolas da regi\u00e3o sul da Bahia, beneficiando mais de 10 mil estudantes. A Escola S\u00e9rgio Carneiro inaugura o ciclo de implanta\u00e7\u00e3o, marcando um passo pioneiro para Ilh\u00e9us.<\/p>\n<p>A secret\u00e1ria municipal de Educa\u00e7\u00e3o, Evani Cavalcanti, refor\u00e7ou o simbolismo de a cidade ser escolhida para abrir o projeto: \u201c\u00c9 com muita honra que Ilh\u00e9us \u00e9 a primeira cidade a implementar esse projeto no sul da Bahia. \u00c9 uma iniciativa que fortalece a nossa miss\u00e3o na Secretaria de Educa\u00e7\u00e3o. Tudo isso \u00e9 por voc\u00eas, meninas e meninos\u201d.<\/p>\n<p>Representando a Funda\u00e7\u00e3o Nestl\u00e9, Noelle Rocha falou sobre os valores que a a\u00e7\u00e3o pretende semear nas crian\u00e7as: \u201cMuito obrigada por nos deixar entrar na sua escola. Buscamos com esse projeto desenvolver consci\u00eancia ambiental, consumo consciente, agricultura regenerativa e proporcionar um legado duradouro\u201d.<\/p>\n<p>Tamb\u00e9m participaram do lan\u00e7amento o cofundador da startup \u00c1gua Camelo, Jo\u00e3o Piedrafita, al\u00e9m de representantes do Instituto Crescer e da comunidade escolar.<\/p>\n<p>Com a implanta\u00e7\u00e3o da horta e do bebedouro, a Escola Municipal S\u00e9rgio Carneiro se torna modelo para pr\u00e1ticas de educa\u00e7\u00e3o ambiental, sa\u00fade e bem-estar. A iniciativa abre caminho para que outras unidades escolares da regi\u00e3o tamb\u00e9m fortale\u00e7am a aprendizagem por meio da sustentabilidade e da promo\u00e7\u00e3o de h\u00e1bitos saud\u00e1veis.<\/p>\n","protected":false},"excerpt":{"rendered":"<p>Programa \u00e9 uma parceria entre a Funda\u00e7\u00e3o Nestl\u00e9, Instituto Crescer, \u00c1gua Camelo e a Prefeitura de Ilh\u00e9us; A Escola Municipal S\u00e9rgio Carneiro, em Oliven\u00e7a, tornou-se a primeira institui\u00e7\u00e3o de ensino do sul da Bahia a receber as a\u00e7\u00f5es do programa Nestl\u00e9 por Crian\u00e7as Mais Saud\u00e1veis, que leva hortas educativas e bebedouros com \u00e1gua tratada para [&hellip;]<\/p>\n","protected":false},"author":3,"featured_media":17757,"comment_status":"closed","ping_status":"closed","sticky":false,"template":"","format":"standard","meta":{"_links_to":"","_links_to_target":""},"categories":[1],"tags":[],"_links":{"self":[{"href":"https:\/\/www.correiodascidades.com.br\/v1\/wp-json\/wp\/v2\/posts\/17756"}],"collection":[{"href":"https:\/\/www.correiodascidades.com.br\/v1\/wp-json\/wp\/v2\/posts"}],"about":[{"href":"https:\/\/www.correiodascidades.com.br\/v1\/wp-json\/wp\/v2\/types\/post"}],"author":[{"embeddable":true,"href":"https:\/\/www.correiodascidades.com.br\/v1\/wp-json\/wp\/v2\/users\/3"}],"replies":[{"embeddable":true,"href":"https:\/\/www.correiodascidades.com.br\/v1\/wp-json\/wp\/v2\/comments?post=17756"}],"version-history":[{"count":1,"href":"https:\/\/www.correiodascidades.com.br\/v1\/wp-json\/wp\/v2\/posts\/17756\/revisions"}],"predecessor-version":[{"id":17758,"href":"https:\/\/www.correiodascidades.com.br\/v1\/wp-json\/wp\/v2\/posts\/17756\/revisions\/17758"}],"wp:featuredmedia":[{"embeddable":true,"href":"https:\/\/www.correiodascidades.com.br\/v1\/wp-json\/wp\/v2\/media\/17757"}],"wp:attachment":[{"href":"https:\/\/www.correiodascidades.com.br\/v1\/wp-json\/wp\/v2\/media?parent=17756"}],"wp:term":[{"taxonomy":"category","embeddable":true,"href":"https:\/\/www.correiodascidades.com.br\/v1\/wp-json\/wp\/v2\/categories?post=17756"},{"taxonomy":"post_tag","embeddable":true,"href":"https:\/\/www.correiodascidades.com.br\/v1\/wp-json\/wp\/v2\/tags?post=17756"}],"curies":[{"name":"wp","href":"https:\/\/api.w.org\/{rel}","templated":true}]}}