{"id":17759,"date":"2025-09-03T09:42:34","date_gmt":"2025-09-03T12:42:34","guid":{"rendered":"https:\/\/www.correiodascidades.com.br\/v1\/?p=17759"},"modified":"2025-09-03T09:42:34","modified_gmt":"2025-09-03T12:42:34","slug":"ilheus-dois-carros-se-chocaram-de-frente-em-ilheus-na-manha-desta-quarta-feira","status":"publish","type":"post","link":"https:\/\/www.correiodascidades.com.br\/v1\/2025\/09\/03\/ilheus-dois-carros-se-chocaram-de-frente-em-ilheus-na-manha-desta-quarta-feira\/","title":{"rendered":"ILH\u00c9US: Dois carros se chocaram de frente em Ilh\u00e9us na manh\u00e3 desta quarta-feira"},"content":{"rendered":"<p><img loading=\"lazy\" class=\"\" src=\"https:\/\/www.correiodascidades.com.br\/v1\/wp-content\/uploads\/2025\/09\/4cbac37b-bb91-4ba7-82d9-ee8edf68add5.jpeg\" width=\"502\" height=\"875\" \/><\/p>\n<p>Um veiculo tipo caminh\u00e3o ba\u00fa da empresa Bom Bom sorvetes bateu de frente com um carro tipo passeio da empresa Baiana de \u00e1guas Embasa.<\/p>\n<p>O acidente aconteceu no bairro Jardim Savoia, nas imedia\u00e7\u00f5es da quadra de esporte do local. <!--more--><\/p>\n<p>Os dois carros estavam no mesmo sentido da pista, um indo outro vindo, ai n\u00e3o teve jeito os dois bateram. O impacto foi t\u00e3o forte que o veiculo de passeio tipo GOL, ficou com a frente toda danificada conforme mostra a foto posta.<\/p>\n<p>A Policia Rodovi\u00e1ria foi chamada para resolver a ocorr\u00eancia, pois trata-se de uma BA &#8211; local, BA 262, Ilh\u00e9us &#8211; Salvador.<\/p>\n","protected":false},"excerpt":{"rendered":"<p>Um veiculo tipo caminh\u00e3o ba\u00fa da empresa Bom Bom sorvetes bateu de frente com um carro tipo passeio da empresa Baiana de \u00e1guas Embasa. O acidente aconteceu no bairro Jardim Savoia, nas imedia\u00e7\u00f5es da quadra de esporte do local.<\/p>\n","protected":false},"author":3,"featured_media":17760,"comment_status":"closed","ping_status":"closed","sticky":false,"template":"","format":"standard","meta":{"_links_to":"","_links_to_target":""},"categories":[1],"tags":[],"_links":{"self":[{"href":"https:\/\/www.correiodascidades.com.br\/v1\/wp-json\/wp\/v2\/posts\/17759"}],"collection":[{"href":"https:\/\/www.correiodascidades.com.br\/v1\/wp-json\/wp\/v2\/posts"}],"about":[{"href":"https:\/\/www.correiodascidades.com.br\/v1\/wp-json\/wp\/v2\/types\/post"}],"author":[{"embeddable":true,"href":"https:\/\/www.correiodascidades.com.br\/v1\/wp-json\/wp\/v2\/users\/3"}],"replies":[{"embeddable":true,"href":"https:\/\/www.correiodascidades.com.br\/v1\/wp-json\/wp\/v2\/comments?post=17759"}],"version-history":[{"count":1,"href":"https:\/\/www.correiodascidades.com.br\/v1\/wp-json\/wp\/v2\/posts\/17759\/revisions"}],"predecessor-version":[{"id":17761,"href":"https:\/\/www.correiodascidades.com.br\/v1\/wp-json\/wp\/v2\/posts\/17759\/revisions\/17761"}],"wp:featuredmedia":[{"embeddable":true,"href":"https:\/\/www.correiodascidades.com.br\/v1\/wp-json\/wp\/v2\/media\/17760"}],"wp:attachment":[{"href":"https:\/\/www.correiodascidades.com.br\/v1\/wp-json\/wp\/v2\/media?parent=17759"}],"wp:term":[{"taxonomy":"category","embeddable":true,"href":"https:\/\/www.correiodascidades.com.br\/v1\/wp-json\/wp\/v2\/categories?post=17759"},{"taxonomy":"post_tag","embeddable":true,"href":"https:\/\/www.correiodascidades.com.br\/v1\/wp-json\/wp\/v2\/tags?post=17759"}],"curies":[{"name":"wp","href":"https:\/\/api.w.org\/{rel}","templated":true}]}}