{"id":17769,"date":"2025-09-05T08:29:55","date_gmt":"2025-09-05T11:29:55","guid":{"rendered":"https:\/\/www.correiodascidades.com.br\/v1\/?p=17769"},"modified":"2025-09-05T08:42:37","modified_gmt":"2025-09-05T11:42:37","slug":"ilheus-rua-visconde-de-ouro-preto-onde-a-bagunca-e-certa","status":"publish","type":"post","link":"https:\/\/www.correiodascidades.com.br\/v1\/2025\/09\/05\/ilheus-rua-visconde-de-ouro-preto-onde-a-bagunca-e-certa\/","title":{"rendered":"ILH\u00c9US: Rua Visconde de Ouro Preto onde a bagun\u00e7a \u00e9 certa"},"content":{"rendered":"<p>Rua da Livraria Andrade Multicompras<\/p>\n<p><img loading=\"lazy\" class=\"alignnone wp-image-17771\" src=\"https:\/\/www.correiodascidades.com.br\/v1\/wp-content\/uploads\/2025\/09\/43797d6e-416c-42ee-b59c-a3137a0c66a9.jpeg\" alt=\"\" width=\"413\" height=\"734\" \/><\/p>\n<p>Esta rua \u00e9 esta localizada em uma principal art\u00e9ria do centro da cidade, faz esquina com a antiga Embratel, fica no miolo central da cidade.<\/p>\n<p><img loading=\"lazy\" class=\"alignnone wp-image-17770\" src=\"https:\/\/www.correiodascidades.com.br\/v1\/wp-content\/uploads\/2025\/09\/0ed8621b-750b-4af5-a344-db160c9556dc.jpeg\" alt=\"\" width=\"417\" height=\"234\" \/><\/p>\n<p>Todos os dias a referida rua amanhece eternamente tomada pelo lixo, a foto revela, mostra perfeita como est\u00e1 o local.<\/p>\n<p>Comerciantes, empres\u00e1rios de modo em geral, resolvem depositar todo tipo de entulho no local. <!--more--><\/p>\n<p>A prefeitura at\u00e9 o momento n\u00e3o tem um planejamento estrat\u00e9gico para por fim no referido problema, enquanto isso, o cen\u00e1rio que se v\u00ea \u00e9 o pior poss\u00edvel.<\/p>\n","protected":false},"excerpt":{"rendered":"<p>Rua da Livraria Andrade Multicompras Esta rua \u00e9 esta localizada em uma principal art\u00e9ria do centro da cidade, faz esquina com a antiga Embratel, fica no miolo central da cidade. Todos os dias a referida rua amanhece eternamente tomada pelo lixo, a foto revela, mostra perfeita como est\u00e1 o local. Comerciantes, empres\u00e1rios de modo em [&hellip;]<\/p>\n","protected":false},"author":3,"featured_media":17770,"comment_status":"closed","ping_status":"closed","sticky":false,"template":"","format":"standard","meta":{"_links_to":"","_links_to_target":""},"categories":[1],"tags":[],"_links":{"self":[{"href":"https:\/\/www.correiodascidades.com.br\/v1\/wp-json\/wp\/v2\/posts\/17769"}],"collection":[{"href":"https:\/\/www.correiodascidades.com.br\/v1\/wp-json\/wp\/v2\/posts"}],"about":[{"href":"https:\/\/www.correiodascidades.com.br\/v1\/wp-json\/wp\/v2\/types\/post"}],"author":[{"embeddable":true,"href":"https:\/\/www.correiodascidades.com.br\/v1\/wp-json\/wp\/v2\/users\/3"}],"replies":[{"embeddable":true,"href":"https:\/\/www.correiodascidades.com.br\/v1\/wp-json\/wp\/v2\/comments?post=17769"}],"version-history":[{"count":3,"href":"https:\/\/www.correiodascidades.com.br\/v1\/wp-json\/wp\/v2\/posts\/17769\/revisions"}],"predecessor-version":[{"id":17774,"href":"https:\/\/www.correiodascidades.com.br\/v1\/wp-json\/wp\/v2\/posts\/17769\/revisions\/17774"}],"wp:featuredmedia":[{"embeddable":true,"href":"https:\/\/www.correiodascidades.com.br\/v1\/wp-json\/wp\/v2\/media\/17770"}],"wp:attachment":[{"href":"https:\/\/www.correiodascidades.com.br\/v1\/wp-json\/wp\/v2\/media?parent=17769"}],"wp:term":[{"taxonomy":"category","embeddable":true,"href":"https:\/\/www.correiodascidades.com.br\/v1\/wp-json\/wp\/v2\/categories?post=17769"},{"taxonomy":"post_tag","embeddable":true,"href":"https:\/\/www.correiodascidades.com.br\/v1\/wp-json\/wp\/v2\/tags?post=17769"}],"curies":[{"name":"wp","href":"https:\/\/api.w.org\/{rel}","templated":true}]}}