{"id":17776,"date":"2025-09-05T13:01:34","date_gmt":"2025-09-05T16:01:34","guid":{"rendered":"https:\/\/www.correiodascidades.com.br\/v1\/?p=17776"},"modified":"2025-09-05T13:01:34","modified_gmt":"2025-09-05T16:01:34","slug":"ilheus-motociclista-foi-atropelado-por-um-carro-no-centro-da-cidade","status":"publish","type":"post","link":"https:\/\/www.correiodascidades.com.br\/v1\/2025\/09\/05\/ilheus-motociclista-foi-atropelado-por-um-carro-no-centro-da-cidade\/","title":{"rendered":"ILH\u00c9US: Motociclista foi atropelado por um carro no centro da cidade"},"content":{"rendered":"<p><img loading=\"lazy\" class=\"\" src=\"https:\/\/www.correiodascidades.com.br\/v1\/wp-content\/uploads\/2025\/09\/a4d27f84-a19d-46c2-aa92-e6cb8b310c62-1-jpeg.jpg\" width=\"438\" height=\"582\" \/><\/p>\n<p>Carlos Barros, este \u00e9 o nome de um homem morador da proa, bairro da cidade de Ilh\u00e9us, ele foi colhido por um carro cor branco da marca Onixs, dirigido por uma senhora que ficou no local aguardando o desenrolar dos fatos.<\/p>\n<p>A policia militar foi chamada e de pronto prestou todos os atendimentos a v\u00edtima.<!--more--><\/p>\n<p>Seu Carlos o acidentado foi levado ao hospital Costa do Cacau com in\u00fameras fraturas pelo corpo. O mesmo levou uma pancada no peito, teve fraturas em uma das pernas e ficou no ch\u00e3o sem poder levantar.<\/p>\n<p>A motorista do carro ficou aguardando o desenrolar do caso. A moto foi levada at\u00e9 delegacia, pois, seu Ant\u00f4nio n\u00e3o tinha documento da mesma em sua posse, e ainda por cima estava sem os documentos pessoais.<\/p>\n<p>Caso agora ser\u00e1 resolvido na delegacia Corpin de Ilh\u00e9us.<\/p>\n","protected":false},"excerpt":{"rendered":"<p>Carlos Barros, este \u00e9 o nome de um homem morador da proa, bairro da cidade de Ilh\u00e9us, ele foi colhido por um carro cor branco da marca Onixs, dirigido por uma senhora que ficou no local aguardando o desenrolar dos fatos. A policia militar foi chamada e de pronto prestou todos os atendimentos a v\u00edtima.<\/p>\n","protected":false},"author":3,"featured_media":17777,"comment_status":"closed","ping_status":"closed","sticky":false,"template":"","format":"standard","meta":{"_links_to":"","_links_to_target":""},"categories":[1],"tags":[],"_links":{"self":[{"href":"https:\/\/www.correiodascidades.com.br\/v1\/wp-json\/wp\/v2\/posts\/17776"}],"collection":[{"href":"https:\/\/www.correiodascidades.com.br\/v1\/wp-json\/wp\/v2\/posts"}],"about":[{"href":"https:\/\/www.correiodascidades.com.br\/v1\/wp-json\/wp\/v2\/types\/post"}],"author":[{"embeddable":true,"href":"https:\/\/www.correiodascidades.com.br\/v1\/wp-json\/wp\/v2\/users\/3"}],"replies":[{"embeddable":true,"href":"https:\/\/www.correiodascidades.com.br\/v1\/wp-json\/wp\/v2\/comments?post=17776"}],"version-history":[{"count":2,"href":"https:\/\/www.correiodascidades.com.br\/v1\/wp-json\/wp\/v2\/posts\/17776\/revisions"}],"predecessor-version":[{"id":17779,"href":"https:\/\/www.correiodascidades.com.br\/v1\/wp-json\/wp\/v2\/posts\/17776\/revisions\/17779"}],"wp:featuredmedia":[{"embeddable":true,"href":"https:\/\/www.correiodascidades.com.br\/v1\/wp-json\/wp\/v2\/media\/17777"}],"wp:attachment":[{"href":"https:\/\/www.correiodascidades.com.br\/v1\/wp-json\/wp\/v2\/media?parent=17776"}],"wp:term":[{"taxonomy":"category","embeddable":true,"href":"https:\/\/www.correiodascidades.com.br\/v1\/wp-json\/wp\/v2\/categories?post=17776"},{"taxonomy":"post_tag","embeddable":true,"href":"https:\/\/www.correiodascidades.com.br\/v1\/wp-json\/wp\/v2\/tags?post=17776"}],"curies":[{"name":"wp","href":"https:\/\/api.w.org\/{rel}","templated":true}]}}