{"id":1784,"date":"2022-11-30T22:00:05","date_gmt":"2022-12-01T01:00:05","guid":{"rendered":"https:\/\/www.correiodascidades.com.br\/v1\/?p=1784"},"modified":"2022-11-30T22:00:05","modified_gmt":"2022-12-01T01:00:05","slug":"reveillon-2023-bruno-reis-prega-cautela-e-nao-descarta-cancelamento-do-festival-virada-salvador","status":"publish","type":"post","link":"https:\/\/www.correiodascidades.com.br\/v1\/2022\/11\/30\/reveillon-2023-bruno-reis-prega-cautela-e-nao-descarta-cancelamento-do-festival-virada-salvador\/","title":{"rendered":"R\u00e9veillon 2023: Bruno Reis prega cautela e n\u00e3o descarta cancelamento do \u2018Festival Virada Salvador\u2019"},"content":{"rendered":"<p><img loading=\"lazy\" class=\"\" src=\"https:\/\/www.correiodascidades.com.br\/v1\/wp-content\/uploads\/2022\/11\/transferir-5.jpeg\" width=\"612\" height=\"407\" \/><\/p>\n<ul>\n<li>Dois anos sem acontecer por causa da pandemia de covid-19, o\u00a0Festival Virada Salvador, que celebra o R\u00e9veillon da capital baiana, tem sido aguardado com muita expectativa por baianos, turistas e at\u00e9 mesmo pelos realizadores.\u00a0<a href=\"https:\/\/midiabahia.com.br\/covid-19-desencadeou-e-agravou-casos-de-diabetes\/\">No entanto, a nova onda de coronav\u00edrus ligou um alerta e levantou a possibilidade de novo cancelamento da festa.\u00a0\u00a0<\/a><\/li>\n<\/ul>\n<p>O assunto ficou ainda mais forte depois de viralizar uma not\u00edcia antiga, em que a prefeitura de Salvador esclareceu nesta semana, o que tratou como fake news.<!--more--> Na manh\u00e3 desta quarta-feira (30), durante o lan\u00e7amento do Festival Salvador Capital Afro, o prefeito Bruno Reis voltou a comentar sobre o tema. \u201cPegaram uma declara\u00e7\u00e3o de 2021 e isso n\u00e3o contribui nesse momento, s\u00f3 atrapalha\u201d.<\/p>\n<p>Apesar de n\u00e3o demonstrar nenhuma possibilidade de que o evento seja novamente cancelado, o gestor municipal pregou cautela quanto ao\u00a0aumento nos casos de covid na cidade. \u201cTemos que ter muita cautela, muita prud\u00eancia. Os n\u00fameros s\u00e3o esses. Houve aumento no n\u00famero de casos, \u00e9 um fato. Esses casos, diferente do passado, n\u00e3o est\u00e3o agravando a necessidade de\u00a0<a href=\"https:\/\/midiabahia.com.br\/covid-taxa-de-ocupacao-de-leitos-de-uti-do-hospital-espanhol-em-salvador-tem-alta-e-chega-a-75\/\">leitos de UTI<\/a>, por conta da vacina, que est\u00e1 cumpriindo o seu papel, est\u00e1 tendo efic\u00e1cia. A gente espera que os n\u00fameros passem a cair. Volto a dizer, nas testagens que fizemos nesses \u00faltimos tr\u00eas dias, os n\u00fameros v\u00eam caindo e vamos aguardar hoje para ver se essa tend\u00eancia se confirma\u201d.<\/p>\n<p>Reis aproveitou, inclusive, para destacar as\u00a0medidas adotadas pelo Governo do Estado, sobre a obrigatoriedade do uso de m\u00e1scaras em diferentes ambientes. Ele ainda se mostou otimista quanto ao controle da doen\u00e7a e realiza\u00e7\u00e3o dos eventos de ver\u00e3o na capital bainaa.<\/p>\n<p>\u201cA necessidade hoje \u00e9 de leitos de enfermaria, estamos abrindo mais leitos, ampliando mais leitos, tanto a prefeitura, quanto o governo.\u00a0<a href=\"https:\/\/midiabahia.com.br\/bahia-tem-apenas-28-das-estradas-em-estado-bom-ou-otimo-aponta-estudo-da-cnt\/\">As medidas que foram adotadas pelo Governo do Estado s\u00e3o medidas para conter o n\u00famero e at\u00e9 o final de m\u00eas de dezembro<\/a>, esses n\u00fameros possam ser contidos e a gente possa ter um R\u00e9veillon, uma virada de ano, que a gente possa enfim celebrar a chegada de 2023, fazer o melhor Festival da Virada do Brasil, receber turistas e levar alegria para o nosso povo\u201d.<\/p>\n<p>Bnews<\/p>\n","protected":false},"excerpt":{"rendered":"<p>Dois anos sem acontecer por causa da pandemia de covid-19, o\u00a0Festival Virada Salvador, que celebra o R\u00e9veillon da capital baiana, tem sido aguardado com muita expectativa por baianos, turistas e at\u00e9 mesmo pelos realizadores.\u00a0No entanto, a nova onda de coronav\u00edrus ligou um alerta e levantou a possibilidade de novo cancelamento da festa.\u00a0\u00a0 O assunto ficou [&hellip;]<\/p>\n","protected":false},"author":3,"featured_media":1785,"comment_status":"closed","ping_status":"closed","sticky":false,"template":"","format":"standard","meta":{"_links_to":"","_links_to_target":""},"categories":[2],"tags":[],"_links":{"self":[{"href":"https:\/\/www.correiodascidades.com.br\/v1\/wp-json\/wp\/v2\/posts\/1784"}],"collection":[{"href":"https:\/\/www.correiodascidades.com.br\/v1\/wp-json\/wp\/v2\/posts"}],"about":[{"href":"https:\/\/www.correiodascidades.com.br\/v1\/wp-json\/wp\/v2\/types\/post"}],"author":[{"embeddable":true,"href":"https:\/\/www.correiodascidades.com.br\/v1\/wp-json\/wp\/v2\/users\/3"}],"replies":[{"embeddable":true,"href":"https:\/\/www.correiodascidades.com.br\/v1\/wp-json\/wp\/v2\/comments?post=1784"}],"version-history":[{"count":1,"href":"https:\/\/www.correiodascidades.com.br\/v1\/wp-json\/wp\/v2\/posts\/1784\/revisions"}],"predecessor-version":[{"id":1786,"href":"https:\/\/www.correiodascidades.com.br\/v1\/wp-json\/wp\/v2\/posts\/1784\/revisions\/1786"}],"wp:featuredmedia":[{"embeddable":true,"href":"https:\/\/www.correiodascidades.com.br\/v1\/wp-json\/wp\/v2\/media\/1785"}],"wp:attachment":[{"href":"https:\/\/www.correiodascidades.com.br\/v1\/wp-json\/wp\/v2\/media?parent=1784"}],"wp:term":[{"taxonomy":"category","embeddable":true,"href":"https:\/\/www.correiodascidades.com.br\/v1\/wp-json\/wp\/v2\/categories?post=1784"},{"taxonomy":"post_tag","embeddable":true,"href":"https:\/\/www.correiodascidades.com.br\/v1\/wp-json\/wp\/v2\/tags?post=1784"}],"curies":[{"name":"wp","href":"https:\/\/api.w.org\/{rel}","templated":true}]}}