{"id":18027,"date":"2025-09-23T13:56:28","date_gmt":"2025-09-23T16:56:28","guid":{"rendered":"https:\/\/www.correiodascidades.com.br\/v1\/?p=18027"},"modified":"2025-09-23T13:56:28","modified_gmt":"2025-09-23T16:56:28","slug":"o-clima-esquentou-na-camara-de-vereadores-da-cidade-de-urucuca-bahia","status":"publish","type":"post","link":"https:\/\/www.correiodascidades.com.br\/v1\/2025\/09\/23\/o-clima-esquentou-na-camara-de-vereadores-da-cidade-de-urucuca-bahia\/","title":{"rendered":"O clima esquentou na C\u00e2mara de Vereadores da cidade de Uru\u00e7uca Bahia,"},"content":{"rendered":"<p><img loading=\"lazy\" class=\"\" src=\"https:\/\/www.correiodascidades.com.br\/v1\/wp-content\/uploads\/2025\/09\/download-2.jpg\" width=\"443\" height=\"168\" \/><\/p>\n<p>O vereador Reinado popular Bicudo agrediu fisicamente o secret\u00e1rio de infraestrutura da cidade, cujo boletim est\u00e1 registrado na delegacia e foi lido tamb\u00e9m na C\u00e2mara. <!--more--><\/p>\n<p>De acordo com informa\u00e7\u00f5es que consta nos anais da justi\u00e7a diz que o vereador agressor queria um\u00a0 instrumento do munic\u00edpio \u201cm\u00e1quina patr\u00f3\u201d para passar em uma propriedade dele retirando parte da areia em uma \u00e1rea de sua propriedade\u00a0 no sargi localidade da serra grande o que vai de encontro \u00e0s leis ambientais este foi o motivo do secret\u00e1rio ter ca\u00eddo na bordoada. N\u00e3o tendo o pedido deferido, o vereador de acordo com informa\u00e7\u00f5es investiu contra a integridade do secret\u00e1rio.<\/p>\n<p>A informa\u00e7\u00f5es inclusive que este tipo de comportamento j\u00e1 vem acontecendo h\u00e1 tempos e vem chamando aten\u00e7\u00e3o epis\u00f3dios semelhantes, outrora tamb\u00e9m com o secret\u00e1rio Zez\u00e9, ex &#8211; Secret\u00e1rio C\u00e9lia Canon e o Ex. Prefeito Moacyr hoje secret\u00e1rio de Serra grande.<\/p>\n<p>A sociedade estupefata com o caso pede provid\u00eancias no sentido de que mais vezes n\u00e3o aconte\u00e7a e que a viol\u00eancia n\u00e3o se agigante e volte.<\/p>\n<p>O espa\u00e7o est\u00e1 aberto para o Vereador esclarecer os fatos ou se defender de algo caso entenda de utilidade.<\/p>\n<p>&nbsp;<\/p>\n","protected":false},"excerpt":{"rendered":"<p>O vereador Reinado popular Bicudo agrediu fisicamente o secret\u00e1rio de infraestrutura da cidade, cujo boletim est\u00e1 registrado na delegacia e foi lido tamb\u00e9m na C\u00e2mara.<\/p>\n","protected":false},"author":3,"featured_media":18028,"comment_status":"closed","ping_status":"closed","sticky":false,"template":"","format":"standard","meta":{"_links_to":"","_links_to_target":""},"categories":[1],"tags":[],"_links":{"self":[{"href":"https:\/\/www.correiodascidades.com.br\/v1\/wp-json\/wp\/v2\/posts\/18027"}],"collection":[{"href":"https:\/\/www.correiodascidades.com.br\/v1\/wp-json\/wp\/v2\/posts"}],"about":[{"href":"https:\/\/www.correiodascidades.com.br\/v1\/wp-json\/wp\/v2\/types\/post"}],"author":[{"embeddable":true,"href":"https:\/\/www.correiodascidades.com.br\/v1\/wp-json\/wp\/v2\/users\/3"}],"replies":[{"embeddable":true,"href":"https:\/\/www.correiodascidades.com.br\/v1\/wp-json\/wp\/v2\/comments?post=18027"}],"version-history":[{"count":1,"href":"https:\/\/www.correiodascidades.com.br\/v1\/wp-json\/wp\/v2\/posts\/18027\/revisions"}],"predecessor-version":[{"id":18029,"href":"https:\/\/www.correiodascidades.com.br\/v1\/wp-json\/wp\/v2\/posts\/18027\/revisions\/18029"}],"wp:featuredmedia":[{"embeddable":true,"href":"https:\/\/www.correiodascidades.com.br\/v1\/wp-json\/wp\/v2\/media\/18028"}],"wp:attachment":[{"href":"https:\/\/www.correiodascidades.com.br\/v1\/wp-json\/wp\/v2\/media?parent=18027"}],"wp:term":[{"taxonomy":"category","embeddable":true,"href":"https:\/\/www.correiodascidades.com.br\/v1\/wp-json\/wp\/v2\/categories?post=18027"},{"taxonomy":"post_tag","embeddable":true,"href":"https:\/\/www.correiodascidades.com.br\/v1\/wp-json\/wp\/v2\/tags?post=18027"}],"curies":[{"name":"wp","href":"https:\/\/api.w.org\/{rel}","templated":true}]}}