{"id":18031,"date":"2025-09-23T21:08:10","date_gmt":"2025-09-24T00:08:10","guid":{"rendered":"https:\/\/www.correiodascidades.com.br\/v1\/?p=18031"},"modified":"2025-09-23T21:08:10","modified_gmt":"2025-09-24T00:08:10","slug":"vereador-horacio-do-pao-encaminha-pedidos-de-obras-para-o-nossa-senhora-da-vitoria-e-leva-o-secretario-no-bairro","status":"publish","type":"post","link":"https:\/\/www.correiodascidades.com.br\/v1\/2025\/09\/23\/vereador-horacio-do-pao-encaminha-pedidos-de-obras-para-o-nossa-senhora-da-vitoria-e-leva-o-secretario-no-bairro\/","title":{"rendered":"Vereador Hor\u00e1cio do P\u00e3o encaminha pedidos de obras para o Nossa Senhora da Vit\u00f3ria e leva o Secret\u00e1rio no Bairro"},"content":{"rendered":"<p><img loading=\"lazy\" class=\"\" src=\"https:\/\/www.correiodascidades.com.br\/v1\/wp-content\/uploads\/2025\/09\/0b2a296c-b4f8-4ebd-92f8-dba9864e1c29.jpeg-amil.jpeg\" width=\"401\" height=\"532\" \/><\/p>\n<p>Na manh\u00e3 desta ter\u00e7a feira (23), O Vereador fez uma caminhada no Bairro nas Ruas Sete de Setembro, Rua Gabriela e Rua Maracan\u00e3, Rua S\u00e3o Jorge, Rua Vit\u00f3ria e demais ruas que cortam o bairro atrav\u00e9s do canal.<!--more--><\/p>\n<p>O referido canal \u00e9 uma grande valeta que sai da nascente do Col\u00e9gio F\u00e9 e Alegria e corta diversas ruas do bairro. O Vereador h\u00e1 muito tempo vem buscando da prefeitura um posicionamento com rela\u00e7\u00e3o ao fechamento do referido canal.<\/p>\n<p>Outros pedidos para o bairro vem sendo feito pelo edil, constru\u00e7\u00e3o de quadras poliesportivas no bairro, melhorias no Posto de sa\u00fade entre outras coisas est\u00e3o na mira do vereador.<\/p>\n<p>Hor\u00e1cio do p\u00e3o disse em entrevista que est\u00e1 atento aos chamamentos dos problemas existentes n\u00e3o s\u00f3 no referido bairro, mas tamb\u00e9m nos distritos da cidade e que o trabalho n\u00e3o para.<\/p>\n","protected":false},"excerpt":{"rendered":"<p>Na manh\u00e3 desta ter\u00e7a feira (23), O Vereador fez uma caminhada no Bairro nas Ruas Sete de Setembro, Rua Gabriela e Rua Maracan\u00e3, Rua S\u00e3o Jorge, Rua Vit\u00f3ria e demais ruas que cortam o bairro atrav\u00e9s do canal.<\/p>\n","protected":false},"author":3,"featured_media":18032,"comment_status":"closed","ping_status":"closed","sticky":false,"template":"","format":"standard","meta":{"_links_to":"","_links_to_target":""},"categories":[1],"tags":[],"_links":{"self":[{"href":"https:\/\/www.correiodascidades.com.br\/v1\/wp-json\/wp\/v2\/posts\/18031"}],"collection":[{"href":"https:\/\/www.correiodascidades.com.br\/v1\/wp-json\/wp\/v2\/posts"}],"about":[{"href":"https:\/\/www.correiodascidades.com.br\/v1\/wp-json\/wp\/v2\/types\/post"}],"author":[{"embeddable":true,"href":"https:\/\/www.correiodascidades.com.br\/v1\/wp-json\/wp\/v2\/users\/3"}],"replies":[{"embeddable":true,"href":"https:\/\/www.correiodascidades.com.br\/v1\/wp-json\/wp\/v2\/comments?post=18031"}],"version-history":[{"count":1,"href":"https:\/\/www.correiodascidades.com.br\/v1\/wp-json\/wp\/v2\/posts\/18031\/revisions"}],"predecessor-version":[{"id":18033,"href":"https:\/\/www.correiodascidades.com.br\/v1\/wp-json\/wp\/v2\/posts\/18031\/revisions\/18033"}],"wp:featuredmedia":[{"embeddable":true,"href":"https:\/\/www.correiodascidades.com.br\/v1\/wp-json\/wp\/v2\/media\/18032"}],"wp:attachment":[{"href":"https:\/\/www.correiodascidades.com.br\/v1\/wp-json\/wp\/v2\/media?parent=18031"}],"wp:term":[{"taxonomy":"category","embeddable":true,"href":"https:\/\/www.correiodascidades.com.br\/v1\/wp-json\/wp\/v2\/categories?post=18031"},{"taxonomy":"post_tag","embeddable":true,"href":"https:\/\/www.correiodascidades.com.br\/v1\/wp-json\/wp\/v2\/tags?post=18031"}],"curies":[{"name":"wp","href":"https:\/\/api.w.org\/{rel}","templated":true}]}}