{"id":18034,"date":"2025-09-23T21:41:46","date_gmt":"2025-09-24T00:41:46","guid":{"rendered":"https:\/\/www.correiodascidades.com.br\/v1\/?p=18034"},"modified":"2025-09-23T21:41:46","modified_gmt":"2025-09-24T00:41:46","slug":"itabuna-camara-municipal-inicia-o-movimento-do-setembro-amarelo","status":"publish","type":"post","link":"https:\/\/www.correiodascidades.com.br\/v1\/2025\/09\/23\/itabuna-camara-municipal-inicia-o-movimento-do-setembro-amarelo\/","title":{"rendered":"ITABUNA: C\u00e2mara Municipal inicia o movimento do Setembro Amarelo"},"content":{"rendered":"<p><img loading=\"lazy\" class=\"\" src=\"https:\/\/www.correiodascidades.com.br\/v1\/wp-content\/uploads\/2025\/09\/download-1-2.jpeg\" width=\"489\" height=\"489\" \/><\/p>\n<p>Nossos vereadores e servidores j\u00e1 est\u00e3o com o panfleto do Setembro Amarelo em m\u00e3os e convidam para participar da programa\u00e7\u00e3o especial sobre sa\u00fade mental promovida pela Escola do Legislativo em parceria com a AFYA. <!--more--><\/p>\n<p>O m\u00eas j\u00e1 est\u00e1 chegando ao seu final maior a inciativa da AFYA \u2013 juntamente com o Legislativo Itabunense, apontam para a necessidade das pessoas em cuidarem de suas mentes.<\/p>\n<p>O programa visa uma melhor inclus\u00e3o das pessoas no sentido do seu bem est\u00e1 maior. Uma iniciativa anual que visa conscientizar a popula\u00e7\u00e3o sobre a preven\u00e7\u00e3o do suic\u00eddio e a promo\u00e7\u00e3o da sa\u00fade mental, incentivando o di\u00e1logo e a busca por ajuda profissional e o autocuidado.<span data-cid=\"7b90236b-9ec2-4a39-9346-707f3db6252c\">\u00a0<\/span><\/p>\n<p>&nbsp;<\/p>\n<p>&nbsp;<\/p>\n<p>&nbsp;<\/p>\n","protected":false},"excerpt":{"rendered":"<p>Nossos vereadores e servidores j\u00e1 est\u00e3o com o panfleto do Setembro Amarelo em m\u00e3os e convidam para participar da programa\u00e7\u00e3o especial sobre sa\u00fade mental promovida pela Escola do Legislativo em parceria com a AFYA.<\/p>\n","protected":false},"author":3,"featured_media":18035,"comment_status":"closed","ping_status":"closed","sticky":false,"template":"","format":"standard","meta":{"_links_to":"","_links_to_target":""},"categories":[1],"tags":[],"_links":{"self":[{"href":"https:\/\/www.correiodascidades.com.br\/v1\/wp-json\/wp\/v2\/posts\/18034"}],"collection":[{"href":"https:\/\/www.correiodascidades.com.br\/v1\/wp-json\/wp\/v2\/posts"}],"about":[{"href":"https:\/\/www.correiodascidades.com.br\/v1\/wp-json\/wp\/v2\/types\/post"}],"author":[{"embeddable":true,"href":"https:\/\/www.correiodascidades.com.br\/v1\/wp-json\/wp\/v2\/users\/3"}],"replies":[{"embeddable":true,"href":"https:\/\/www.correiodascidades.com.br\/v1\/wp-json\/wp\/v2\/comments?post=18034"}],"version-history":[{"count":1,"href":"https:\/\/www.correiodascidades.com.br\/v1\/wp-json\/wp\/v2\/posts\/18034\/revisions"}],"predecessor-version":[{"id":18036,"href":"https:\/\/www.correiodascidades.com.br\/v1\/wp-json\/wp\/v2\/posts\/18034\/revisions\/18036"}],"wp:featuredmedia":[{"embeddable":true,"href":"https:\/\/www.correiodascidades.com.br\/v1\/wp-json\/wp\/v2\/media\/18035"}],"wp:attachment":[{"href":"https:\/\/www.correiodascidades.com.br\/v1\/wp-json\/wp\/v2\/media?parent=18034"}],"wp:term":[{"taxonomy":"category","embeddable":true,"href":"https:\/\/www.correiodascidades.com.br\/v1\/wp-json\/wp\/v2\/categories?post=18034"},{"taxonomy":"post_tag","embeddable":true,"href":"https:\/\/www.correiodascidades.com.br\/v1\/wp-json\/wp\/v2\/tags?post=18034"}],"curies":[{"name":"wp","href":"https:\/\/api.w.org\/{rel}","templated":true}]}}