{"id":18037,"date":"2025-09-24T07:11:42","date_gmt":"2025-09-24T10:11:42","guid":{"rendered":"https:\/\/www.correiodascidades.com.br\/v1\/?p=18037"},"modified":"2025-09-24T07:11:42","modified_gmt":"2025-09-24T10:11:42","slug":"novo-tecnico-do-vitoria-jair-ventura-e-especialista-em-salvar-equipes-do-rebaixamento","status":"publish","type":"post","link":"https:\/\/www.correiodascidades.com.br\/v1\/2025\/09\/24\/novo-tecnico-do-vitoria-jair-ventura-e-especialista-em-salvar-equipes-do-rebaixamento\/","title":{"rendered":"Novo t\u00e9cnico do Vit\u00f3ria, Jair Ventura \u00e9 especialista em salvar equipes do rebaixamento"},"content":{"rendered":"<p><img loading=\"lazy\" class=\"\" src=\"https:\/\/www.correiodascidades.com.br\/v1\/wp-content\/uploads\/2025\/09\/jair-ventura-2927619.jpeg\" width=\"475\" height=\"475\" \/><\/p>\n<p>Na 17\u00aa posi\u00e7\u00e3o do Campeonato Brasileiro, com 22 pontos, o Vit\u00f3ria tenta uma \u00faltima cartada para escapar do rebaixamento: a contrata\u00e7\u00e3o de Jair Ventura, que tem acerto com o clube e deve ser anunciado como novo t\u00e9cnico da equipe nesta quarta-feira (24).<!--more--><\/p>\n<p>Ap\u00f3s a equipe n\u00e3o conseguir engrenar na competi\u00e7\u00e3o sob o comando de Thiago Carpini, F\u00e1bio Carille e Rodrigo Chagas, o t\u00e9cnico de 46 anos foi o escolhido pela diretoria para tentar salvar o time nas 14 rodadas finais. A miss\u00e3o do novo comandante rubro-negro \u00e9 repetir um feito que j\u00e1 alcan\u00e7ou algumas vezes em sua carreira: resgatar equipes em situa\u00e7\u00e3o delicada e escapar da degola.<\/p>\n<div class=\"flex flex-col w-full font-normal text-[18px] leading-[30px] text-tw-theme-text-default\"><\/div>\n<div class=\"flex flex-col w-full font-normal text-[18px] leading-[30px] text-tw-theme-text-default\">\n<div class=\"flex flex-col w-full\">\n<h2 id=\"intertitulo-oyhkcq477w\" class=\"font-family-secondary text-tw-theme-box-titulo-default text-[26px] leading-[38px] font-bold md:text-[31px]\">Come\u00e7o de carreira: do rebaixamento \u00e0 Libertadores pelo Botafogo<\/h2>\n<\/div>\n<div class=\"flex flex-col w-full font-normal text-[18px] leading-[30px] text-tw-theme-text-default\">\n<p id=\"paragrafo-w0rz5w1thi\">Auxiliar t\u00e9cnico do Botafogo desde 2009, Jair Ventura teve sua primeira oportunidade como treinador principal do Glorioso apenas em 2016, substituindo Ricardo Gomes. Ele assumiu o time na 17\u00aa coloca\u00e7\u00e3o, com 20 pontos ap\u00f3s 18 partidas. Sob seu comando, a equipe viveu uma grande transforma\u00e7\u00e3o: foram 12 vit\u00f3rias, tr\u00eas empates e apenas cinco derrotas em 20 jogos.<\/p>\n<\/div>\n<div class=\"flex flex-col w-full font-normal text-[18px] leading-[30px] text-tw-theme-text-default\">\n<p id=\"paragrafo-g3v7u6yuwb\">Essa arrancada espetacular fez o Botafogo terminar o campeonato na 5\u00aa posi\u00e7\u00e3o, com 59 pontos, conquistando uma vaga na Libertadores do ano seguinte. O bom trabalho rendeu a Ventura o pr\u00eamio de melhor treinador daquele Brasileir\u00e3o.<\/p>\n<\/div>\n<div class=\"flex flex-col w-full font-normal text-[18px] leading-[30px] text-tw-theme-text-default\">\n<p id=\"paragrafo-re86vusq45\">Em 2017, ele permaneceu no clube e teve um ano considerado razo\u00e1vel: o time terminou o Brasileir\u00e3o em 10\u00ba, chegou \u00e0s semifinais da Copa do Brasil e \u00e0s quartas de final da Libertadores. Ao todo, foram 72 partidas no ano, com 30 vit\u00f3rias, 18 empates e 24 derrotas.<\/p>\n<\/div>\n<\/div>\n","protected":false},"excerpt":{"rendered":"<p>Na 17\u00aa posi\u00e7\u00e3o do Campeonato Brasileiro, com 22 pontos, o Vit\u00f3ria tenta uma \u00faltima cartada para escapar do rebaixamento: a contrata\u00e7\u00e3o de Jair Ventura, que tem acerto com o clube e deve ser anunciado como novo t\u00e9cnico da equipe nesta quarta-feira (24).<\/p>\n","protected":false},"author":3,"featured_media":18038,"comment_status":"closed","ping_status":"closed","sticky":false,"template":"","format":"standard","meta":{"_links_to":"","_links_to_target":""},"categories":[1],"tags":[],"_links":{"self":[{"href":"https:\/\/www.correiodascidades.com.br\/v1\/wp-json\/wp\/v2\/posts\/18037"}],"collection":[{"href":"https:\/\/www.correiodascidades.com.br\/v1\/wp-json\/wp\/v2\/posts"}],"about":[{"href":"https:\/\/www.correiodascidades.com.br\/v1\/wp-json\/wp\/v2\/types\/post"}],"author":[{"embeddable":true,"href":"https:\/\/www.correiodascidades.com.br\/v1\/wp-json\/wp\/v2\/users\/3"}],"replies":[{"embeddable":true,"href":"https:\/\/www.correiodascidades.com.br\/v1\/wp-json\/wp\/v2\/comments?post=18037"}],"version-history":[{"count":1,"href":"https:\/\/www.correiodascidades.com.br\/v1\/wp-json\/wp\/v2\/posts\/18037\/revisions"}],"predecessor-version":[{"id":18039,"href":"https:\/\/www.correiodascidades.com.br\/v1\/wp-json\/wp\/v2\/posts\/18037\/revisions\/18039"}],"wp:featuredmedia":[{"embeddable":true,"href":"https:\/\/www.correiodascidades.com.br\/v1\/wp-json\/wp\/v2\/media\/18038"}],"wp:attachment":[{"href":"https:\/\/www.correiodascidades.com.br\/v1\/wp-json\/wp\/v2\/media?parent=18037"}],"wp:term":[{"taxonomy":"category","embeddable":true,"href":"https:\/\/www.correiodascidades.com.br\/v1\/wp-json\/wp\/v2\/categories?post=18037"},{"taxonomy":"post_tag","embeddable":true,"href":"https:\/\/www.correiodascidades.com.br\/v1\/wp-json\/wp\/v2\/tags?post=18037"}],"curies":[{"name":"wp","href":"https:\/\/api.w.org\/{rel}","templated":true}]}}