{"id":18040,"date":"2025-09-24T07:17:44","date_gmt":"2025-09-24T10:17:44","guid":{"rendered":"https:\/\/www.correiodascidades.com.br\/v1\/?p=18040"},"modified":"2025-09-24T07:17:44","modified_gmt":"2025-09-24T10:17:44","slug":"governador-adia-pagamento-do-abono-dos-precatorios-aos-professores-educadores-criticam","status":"publish","type":"post","link":"https:\/\/www.correiodascidades.com.br\/v1\/2025\/09\/24\/governador-adia-pagamento-do-abono-dos-precatorios-aos-professores-educadores-criticam\/","title":{"rendered":"Governador adia pagamento do abono dos precat\u00f3rios aos professores; educadores criticam"},"content":{"rendered":"<div class=\"flex flex-col w-full font-normal text-[18px] leading-[30px] text-tw-theme-text-default\">\n<p>\u00a0 \u00a0 \u00a0 \u00a0 \u00a0 \u00a0 \u00a0 \u00a0 \u00a0 \u00a0 \u00a0<img loading=\"lazy\" class=\"\" src=\"https:\/\/www.correiodascidades.com.br\/v1\/wp-content\/uploads\/2025\/09\/estudantes-e-professores-foram-consultados-para-a-elaboracao-do-projeto-2345954-article.jpeg\" width=\"446\" height=\"297\" \/><\/p>\n<p id=\"paragrafo-c61s5ln5a8\">O Governo do Estado anunciou uma nova data para o pagamento da quarta parcela do precat\u00f3rio e do abono extraordin\u00e1rio aos professores da rede estadual de ensino. Os valores ser\u00e3o pagos, segundo a Secretaria de Educa\u00e7\u00e3o (SEC), at\u00e9 o dia 10 de outubro. Professores do estado, no entanto, criticaram a decis\u00e3o ap\u00f3s o governador Jer\u00f4nimo Rodrigues (PT) ter afirmado, em entrevista, que o\u00a0<a class=\"link\" href=\"https:\/\/www.correio24horas.com.br\/bahia\/jeronimo-anuncia-prazo-para-pagamento-de-precatorios-de-professores-da-rede-estadual-0925\" target=\"_blank\" rel=\"noopener\">pagamento seria efetuado at\u00e9 o final do m\u00eas de setembro<\/a>.<\/p>\n<\/div>\n<p><!--more--><\/p>\n<div class=\"article_mrec_destaque sticky\">\n<div id=\"internas_336x280_01\" data-google-query-id=\"CKy-3vaU8Y8DFRlQuAQd0YgXJQ\">\n<div class=\"flex flex-col w-full font-normal text-[18px] leading-[30px] text-tw-theme-text-default\">\n<p id=\"paragrafo-5nzat4qata\">A Lei n\u00ba 14.981, que autoriza o pagamento do abono extraordin\u00e1rio para coordenadores escolares e professores ativos e inativos,\u00a0<a class=\"link\" href=\"https:\/\/www.correio24horas.com.br\/bahia\/alba-aprova-projeto-de-abono-aos-professores-saiba-quando-sera-pago-0925\" target=\"_blank\" rel=\"noopener\">foi aprovada pela Assembleia Legislativa da Bahia (Alba)<\/a>\u00a0no dia 17 de setembro e\u00a0<a class=\"link\" href=\"https:\/\/www.correio24horas.com.br\/bahia\/abono-extraordinario-dos-precatorios-e-sancionado-veja-quanto-cada-professor-vai-ganhar-0925\" target=\"_blank\" rel=\"noopener\">sancionada e publicada no Di\u00e1rio Oficial do Estado (DOE) nesta ter\u00e7a-feira (23)<\/a>. No dia 12 de setembro, em entrevista \u00e0 TV Bahia, o governador disse que a expectativa era que os valores fossem pagos ainda neste m\u00eas. \u201cDe acordo com a vota\u00e7\u00e3o da Assembleia, assim que chegar, eu pe\u00e7o 10 dias para organizar a folha; sair\u00e1 em uma folha suplementar. Eu espero que, ainda em meados de setembro, at\u00e9 no m\u00e1ximo no final do m\u00eas, a gente possa pagar\u201d, informou Jer\u00f4nimo.<\/p>\n<\/div>\n<div class=\"flex flex-col w-full font-normal text-[18px] leading-[30px] text-tw-theme-text-default\">\n<p id=\"paragrafo-qagrzjzkcn\">Para os professores, a expectativa, que era grande, deu lugar ao desapontamento, de igual intensidade. \u201c\u00c9 preciso que o governador acelere a publica\u00e7\u00e3o do decreto e regulamente o rateio convencional e o abono extraordin\u00e1rio. A expectativa \u00e9 grande e a frustra\u00e7\u00e3o foi tamb\u00e9m dessa forma, porque muitos companheiros ainda n\u00e3o tiveram reajuste este ano\u201d, avaliou a presidente da Associa\u00e7\u00e3o Classista de Educa\u00e7\u00e3o e Esporte da Bahia (Aceb), que representa a categoria.<\/p>\n<\/div>\n<\/div>\n<\/div>\n","protected":false},"excerpt":{"rendered":"<p>\u00a0 \u00a0 \u00a0 \u00a0 \u00a0 \u00a0 \u00a0 \u00a0 \u00a0 \u00a0 \u00a0 O Governo do Estado anunciou uma nova data para o pagamento da quarta parcela do precat\u00f3rio e do abono extraordin\u00e1rio aos professores da rede estadual de ensino. Os valores ser\u00e3o pagos, segundo a Secretaria de Educa\u00e7\u00e3o (SEC), at\u00e9 o dia 10 de outubro. Professores [&hellip;]<\/p>\n","protected":false},"author":3,"featured_media":18041,"comment_status":"closed","ping_status":"closed","sticky":false,"template":"","format":"standard","meta":{"_links_to":"","_links_to_target":""},"categories":[1],"tags":[],"_links":{"self":[{"href":"https:\/\/www.correiodascidades.com.br\/v1\/wp-json\/wp\/v2\/posts\/18040"}],"collection":[{"href":"https:\/\/www.correiodascidades.com.br\/v1\/wp-json\/wp\/v2\/posts"}],"about":[{"href":"https:\/\/www.correiodascidades.com.br\/v1\/wp-json\/wp\/v2\/types\/post"}],"author":[{"embeddable":true,"href":"https:\/\/www.correiodascidades.com.br\/v1\/wp-json\/wp\/v2\/users\/3"}],"replies":[{"embeddable":true,"href":"https:\/\/www.correiodascidades.com.br\/v1\/wp-json\/wp\/v2\/comments?post=18040"}],"version-history":[{"count":1,"href":"https:\/\/www.correiodascidades.com.br\/v1\/wp-json\/wp\/v2\/posts\/18040\/revisions"}],"predecessor-version":[{"id":18042,"href":"https:\/\/www.correiodascidades.com.br\/v1\/wp-json\/wp\/v2\/posts\/18040\/revisions\/18042"}],"wp:featuredmedia":[{"embeddable":true,"href":"https:\/\/www.correiodascidades.com.br\/v1\/wp-json\/wp\/v2\/media\/18041"}],"wp:attachment":[{"href":"https:\/\/www.correiodascidades.com.br\/v1\/wp-json\/wp\/v2\/media?parent=18040"}],"wp:term":[{"taxonomy":"category","embeddable":true,"href":"https:\/\/www.correiodascidades.com.br\/v1\/wp-json\/wp\/v2\/categories?post=18040"},{"taxonomy":"post_tag","embeddable":true,"href":"https:\/\/www.correiodascidades.com.br\/v1\/wp-json\/wp\/v2\/tags?post=18040"}],"curies":[{"name":"wp","href":"https:\/\/api.w.org\/{rel}","templated":true}]}}