{"id":18043,"date":"2025-09-24T08:19:40","date_gmt":"2025-09-24T11:19:40","guid":{"rendered":"https:\/\/www.correiodascidades.com.br\/v1\/?p=18043"},"modified":"2025-09-24T08:19:40","modified_gmt":"2025-09-24T11:19:40","slug":"vereadora-enilda-destaca-beneficio-de-r-14-milhoes-para-viametro-por-meio-do-pac","status":"publish","type":"post","link":"https:\/\/www.correiodascidades.com.br\/v1\/2025\/09\/24\/vereadora-enilda-destaca-beneficio-de-r-14-milhoes-para-viametro-por-meio-do-pac\/","title":{"rendered":"Vereadora Enilda destaca benef\u00edcio de R$ 14 milh\u00f5es para Viametro por meio do PAC"},"content":{"rendered":"<p><img loading=\"lazy\" class=\"\" src=\"https:\/\/www.correiodascidades.com.br\/v1\/wp-content\/uploads\/2025\/09\/IMG-20250924-WA0056.jpg\" width=\"541\" height=\"254\" \/><\/p>\n<p>Durante a sess\u00e3o legislativa desta ter\u00e7a-feira (23), a vereadora Enilda Mendon\u00e7a (PT) informou que a empresa Viametro, uma das concession\u00e1rias do transporte p\u00fablico coletivo de Ilh\u00e9us, foi contemplada pelo Novo PAC Sele\u00e7\u00f5es 2025 na modalidade de Renova\u00e7\u00e3o de Frota. O financiamento autorizado \u00e9 de R$ 14.667.050,00, valor destinado \u00e0 aquisi\u00e7\u00e3o de 20 \u00f4nibus Euro 6, ve\u00edculos mais modernos e menos poluentes, que dever\u00e3o contribuir para a melhoria da mobilidade urbana no munic\u00edpio.<!--more--><\/p>\n<p>Na mesma ocasi\u00e3o, a parlamentar apresentou outras conquistas garantidas para Ilh\u00e9us por meio do programa federal, entre elas a constru\u00e7\u00e3o de uma Unidade B\u00e1sica de Sa\u00fade (UBS), o envio de kits para telemedicina, o fornecimento de novos equipamentos para unidades de sa\u00fade, al\u00e9m da realiza\u00e7\u00e3o de quatro obras de preven\u00e7\u00e3o a desastres naturais, envolvendo drenagem urbana e conten\u00e7\u00e3o de encostas. A cidade tamb\u00e9m foi contemplada com projeto voltado \u00e0 gest\u00e3o de res\u00edduos s\u00f3lidos.<\/p>\n<p><strong>Renova\u00e7\u00e3o de Frota<\/strong><\/p>\n<p>No \u00e2mbito nacional, o Novo PAC Sele\u00e7\u00f5es 2025 autorizou R$ 3,73 bilh\u00f5es em financiamento de 86 propostas de aquisi\u00e7\u00e3o de \u00f4nibus e equipamentos na modalidade Renova\u00e7\u00e3o de Frota. Mais de 90 munic\u00edpios e duas propostas estaduais foram contemplados, possibilitando a compra de \u00f4nibus el\u00e9tricos, ve\u00edculos a g\u00e1s natural, \u00f4nibus Euro 6, equipamentos de recarga e ve\u00edculos sobre trilhos.<\/p>\n","protected":false},"excerpt":{"rendered":"<p>Durante a sess\u00e3o legislativa desta ter\u00e7a-feira (23), a vereadora Enilda Mendon\u00e7a (PT) informou que a empresa Viametro, uma das concession\u00e1rias do transporte p\u00fablico coletivo de Ilh\u00e9us, foi contemplada pelo Novo PAC Sele\u00e7\u00f5es 2025 na modalidade de Renova\u00e7\u00e3o de Frota. O financiamento autorizado \u00e9 de R$ 14.667.050,00, valor destinado \u00e0 aquisi\u00e7\u00e3o de 20 \u00f4nibus Euro 6, [&hellip;]<\/p>\n","protected":false},"author":3,"featured_media":18044,"comment_status":"closed","ping_status":"closed","sticky":false,"template":"","format":"standard","meta":{"_links_to":"","_links_to_target":""},"categories":[1],"tags":[],"_links":{"self":[{"href":"https:\/\/www.correiodascidades.com.br\/v1\/wp-json\/wp\/v2\/posts\/18043"}],"collection":[{"href":"https:\/\/www.correiodascidades.com.br\/v1\/wp-json\/wp\/v2\/posts"}],"about":[{"href":"https:\/\/www.correiodascidades.com.br\/v1\/wp-json\/wp\/v2\/types\/post"}],"author":[{"embeddable":true,"href":"https:\/\/www.correiodascidades.com.br\/v1\/wp-json\/wp\/v2\/users\/3"}],"replies":[{"embeddable":true,"href":"https:\/\/www.correiodascidades.com.br\/v1\/wp-json\/wp\/v2\/comments?post=18043"}],"version-history":[{"count":1,"href":"https:\/\/www.correiodascidades.com.br\/v1\/wp-json\/wp\/v2\/posts\/18043\/revisions"}],"predecessor-version":[{"id":18045,"href":"https:\/\/www.correiodascidades.com.br\/v1\/wp-json\/wp\/v2\/posts\/18043\/revisions\/18045"}],"wp:featuredmedia":[{"embeddable":true,"href":"https:\/\/www.correiodascidades.com.br\/v1\/wp-json\/wp\/v2\/media\/18044"}],"wp:attachment":[{"href":"https:\/\/www.correiodascidades.com.br\/v1\/wp-json\/wp\/v2\/media?parent=18043"}],"wp:term":[{"taxonomy":"category","embeddable":true,"href":"https:\/\/www.correiodascidades.com.br\/v1\/wp-json\/wp\/v2\/categories?post=18043"},{"taxonomy":"post_tag","embeddable":true,"href":"https:\/\/www.correiodascidades.com.br\/v1\/wp-json\/wp\/v2\/tags?post=18043"}],"curies":[{"name":"wp","href":"https:\/\/api.w.org\/{rel}","templated":true}]}}