{"id":18049,"date":"2025-09-24T20:20:17","date_gmt":"2025-09-24T23:20:17","guid":{"rendered":"https:\/\/www.correiodascidades.com.br\/v1\/?p=18049"},"modified":"2025-09-25T00:03:41","modified_gmt":"2025-09-25T03:03:41","slug":"ilheus-indicacao-do-vereador-horacio-do-pao-realiza-a-reforma-da-praca-do-distrito-do-santo-antonio","status":"publish","type":"post","link":"https:\/\/www.correiodascidades.com.br\/v1\/2025\/09\/24\/ilheus-indicacao-do-vereador-horacio-do-pao-realiza-a-reforma-da-praca-do-distrito-do-santo-antonio\/","title":{"rendered":"ILH\u00c9US: Indica\u00e7\u00e3o do Vereador Hor\u00e1cio do p\u00e3o faz realizar a reforma da pra\u00e7a do distrito do Santo Ant\u00f4nio"},"content":{"rendered":"<p><img loading=\"lazy\" class=\"\" src=\"https:\/\/www.correiodascidades.com.br\/v1\/wp-content\/uploads\/2025\/09\/a61d35e3-2498-40b2-9097-da277767bf48.jpeg-caca.jpeg\" width=\"523\" height=\"649\" \/><\/p>\n<p>Depois de longos nos de espera com tudo danificado, enfim a pra\u00e7a do distrito do Santo Ant\u00f4nio em Ilh\u00e9us ser\u00e1 reformada. Um sonho antigo da popula\u00e7\u00e3o que parecia n\u00e3o acontecer nunca, mas que se tornou real revitaliza\u00e7\u00e3o.<!--more--><\/p>\n<p>A indica\u00e7\u00e3o do Vereador Hor\u00e1cio, aliado aos constantes pedidos verbais ao prefeito resultaram na aceita\u00e7\u00e3o e na ordem de execu\u00e7\u00e3o do servi\u00e7o. Na manh\u00e3 desta quarta-feira (24), o secret\u00e1rio de desenvolvimento Urbano Cac\u00e1, foi at\u00e9 a localidade, sob \u00e1s ordens do prefeito, anunciar o in\u00edcio das obras.<\/p>\n<p>O secret\u00e1rio disse em v\u00eddeo gravado que a realidade da mesma foi devido aos pedidos do vereador que de forma incans\u00e1vel solicitava a realiza\u00e7\u00e3o e que neste dia 24, a popula\u00e7\u00e3o estava em festa e que podia comemorar pois, a hora chegou. Pra\u00e7a do Santo Ant\u00f4nio ser\u00e1 uma outra pra\u00e7a.\u00a0 Parab\u00e9ns Vereador Hor\u00e1cio do p\u00e3o.<\/p>\n<p>&nbsp;<\/p>\n","protected":false},"excerpt":{"rendered":"<p>Depois de longos nos de espera com tudo danificado, enfim a pra\u00e7a do distrito do Santo Ant\u00f4nio em Ilh\u00e9us ser\u00e1 reformada. Um sonho antigo da popula\u00e7\u00e3o que parecia n\u00e3o acontecer nunca, mas que se tornou real revitaliza\u00e7\u00e3o.<\/p>\n","protected":false},"author":3,"featured_media":18050,"comment_status":"closed","ping_status":"closed","sticky":false,"template":"","format":"standard","meta":{"_links_to":"","_links_to_target":""},"categories":[1],"tags":[],"_links":{"self":[{"href":"https:\/\/www.correiodascidades.com.br\/v1\/wp-json\/wp\/v2\/posts\/18049"}],"collection":[{"href":"https:\/\/www.correiodascidades.com.br\/v1\/wp-json\/wp\/v2\/posts"}],"about":[{"href":"https:\/\/www.correiodascidades.com.br\/v1\/wp-json\/wp\/v2\/types\/post"}],"author":[{"embeddable":true,"href":"https:\/\/www.correiodascidades.com.br\/v1\/wp-json\/wp\/v2\/users\/3"}],"replies":[{"embeddable":true,"href":"https:\/\/www.correiodascidades.com.br\/v1\/wp-json\/wp\/v2\/comments?post=18049"}],"version-history":[{"count":4,"href":"https:\/\/www.correiodascidades.com.br\/v1\/wp-json\/wp\/v2\/posts\/18049\/revisions"}],"predecessor-version":[{"id":18055,"href":"https:\/\/www.correiodascidades.com.br\/v1\/wp-json\/wp\/v2\/posts\/18049\/revisions\/18055"}],"wp:featuredmedia":[{"embeddable":true,"href":"https:\/\/www.correiodascidades.com.br\/v1\/wp-json\/wp\/v2\/media\/18050"}],"wp:attachment":[{"href":"https:\/\/www.correiodascidades.com.br\/v1\/wp-json\/wp\/v2\/media?parent=18049"}],"wp:term":[{"taxonomy":"category","embeddable":true,"href":"https:\/\/www.correiodascidades.com.br\/v1\/wp-json\/wp\/v2\/categories?post=18049"},{"taxonomy":"post_tag","embeddable":true,"href":"https:\/\/www.correiodascidades.com.br\/v1\/wp-json\/wp\/v2\/tags?post=18049"}],"curies":[{"name":"wp","href":"https:\/\/api.w.org\/{rel}","templated":true}]}}