{"id":18076,"date":"2025-09-26T08:26:54","date_gmt":"2025-09-26T11:26:54","guid":{"rendered":"https:\/\/www.correiodascidades.com.br\/v1\/?p=18076"},"modified":"2025-09-26T08:26:54","modified_gmt":"2025-09-26T11:26:54","slug":"governo-lula-ja-torrou-r12-bilhao-em-viagens","status":"publish","type":"post","link":"https:\/\/www.correiodascidades.com.br\/v1\/2025\/09\/26\/governo-lula-ja-torrou-r12-bilhao-em-viagens\/","title":{"rendered":"Governo Lula j\u00e1 torrou R$1,2 bilh\u00e3o em viagens"},"content":{"rendered":"<div class=\"entry-header\">\n<h1>\u00a0 \u00a0 \u00a0 \u00a0 \u00a0 \u00a0 \u00a0 <img loading=\"lazy\" class=\"\" src=\"https:\/\/www.correiodascidades.com.br\/v1\/wp-content\/uploads\/2025\/09\/jatinho-executivo-da-fab.jpeg\" width=\"477\" height=\"287\" \/><\/h1>\n<\/div>\n<div class=\"entry-content with-share\">\n<div class=\"content-inner \">\n<div id=\"jorna-311737646\" class=\"jorna-ch-paragrafo\">\n<h6><span class=\"dropcap \" style=\"font-size: 16px;\">D<\/span><span style=\"font-size: 16px;\">ispararam para R$1,2 bilh\u00e3o as despesas do governo Lula (PT) com viagens em 2025. Foram torrados quase R$200 milh\u00f5es nos \u00faltimos 30 dias, um recorde. At\u00e9 a \u00faltima atualiza\u00e7\u00e3o do Portal da Transpar\u00eancia, dia 19, o governo Lula havia gastado R$729 milh\u00f5es s\u00f3 com di\u00e1rias para seus funcion\u00e1rios e R$464 milh\u00f5es em passagens a\u00e9reas. Os petistas usam viagens para engordar sal\u00e1rios, at\u00e9 porque grande parte poderia ser substitu\u00edda por reuni\u00f5es atrav\u00e9s de videoconfer\u00eancia, por exemplo. <\/span><span style=\"font-size: 16px;\">Viagens internacionais representam 14% da despesa total: R$166 milh\u00f5es: metade banca passagens, a outra metade, di\u00e1rias. <\/span><span style=\"font-size: 16px;\">O governo Lula j\u00e1 gastou mais com di\u00e1rias (R$729 milh\u00f5es) este ano do que Bolsonaro com passagens (R$553 milh\u00f5es) durante todo 2022. <\/span><span style=\"font-size: 16px;\">Despesas com viagens n\u00e3o s\u00e3o atualizadas em tempo real. Gastos totais do ano s\u00f3 s\u00e3o contabilizados at\u00e9 os primeiros meses do ano seguinte.<\/span><\/h6>\n<\/div>\n<\/div>\n<\/div>\n<p>&nbsp;<\/p>\n<p>&nbsp;<\/p>\n","protected":false},"excerpt":{"rendered":"<p>\u00a0 \u00a0 \u00a0 \u00a0 \u00a0 \u00a0 \u00a0 Dispararam para R$1,2 bilh\u00e3o as despesas do governo Lula (PT) com viagens em 2025. Foram torrados quase R$200 milh\u00f5es nos \u00faltimos 30 dias, um recorde. At\u00e9 a \u00faltima atualiza\u00e7\u00e3o do Portal da Transpar\u00eancia, dia 19, o governo Lula havia gastado R$729 milh\u00f5es s\u00f3 com di\u00e1rias para seus funcion\u00e1rios [&hellip;]<\/p>\n","protected":false},"author":3,"featured_media":18077,"comment_status":"closed","ping_status":"closed","sticky":false,"template":"","format":"standard","meta":{"_links_to":"","_links_to_target":""},"categories":[1],"tags":[],"_links":{"self":[{"href":"https:\/\/www.correiodascidades.com.br\/v1\/wp-json\/wp\/v2\/posts\/18076"}],"collection":[{"href":"https:\/\/www.correiodascidades.com.br\/v1\/wp-json\/wp\/v2\/posts"}],"about":[{"href":"https:\/\/www.correiodascidades.com.br\/v1\/wp-json\/wp\/v2\/types\/post"}],"author":[{"embeddable":true,"href":"https:\/\/www.correiodascidades.com.br\/v1\/wp-json\/wp\/v2\/users\/3"}],"replies":[{"embeddable":true,"href":"https:\/\/www.correiodascidades.com.br\/v1\/wp-json\/wp\/v2\/comments?post=18076"}],"version-history":[{"count":1,"href":"https:\/\/www.correiodascidades.com.br\/v1\/wp-json\/wp\/v2\/posts\/18076\/revisions"}],"predecessor-version":[{"id":18078,"href":"https:\/\/www.correiodascidades.com.br\/v1\/wp-json\/wp\/v2\/posts\/18076\/revisions\/18078"}],"wp:featuredmedia":[{"embeddable":true,"href":"https:\/\/www.correiodascidades.com.br\/v1\/wp-json\/wp\/v2\/media\/18077"}],"wp:attachment":[{"href":"https:\/\/www.correiodascidades.com.br\/v1\/wp-json\/wp\/v2\/media?parent=18076"}],"wp:term":[{"taxonomy":"category","embeddable":true,"href":"https:\/\/www.correiodascidades.com.br\/v1\/wp-json\/wp\/v2\/categories?post=18076"},{"taxonomy":"post_tag","embeddable":true,"href":"https:\/\/www.correiodascidades.com.br\/v1\/wp-json\/wp\/v2\/tags?post=18076"}],"curies":[{"name":"wp","href":"https:\/\/api.w.org\/{rel}","templated":true}]}}