{"id":18094,"date":"2025-09-29T02:46:48","date_gmt":"2025-09-29T05:46:48","guid":{"rendered":"https:\/\/www.correiodascidades.com.br\/v1\/?p=18094"},"modified":"2025-09-29T02:46:48","modified_gmt":"2025-09-29T05:46:48","slug":"edital-ouro-negro-2026-lancado-pelo-governo-tem-aporte-de-r-17-milhoes","status":"publish","type":"post","link":"https:\/\/www.correiodascidades.com.br\/v1\/2025\/09\/29\/edital-ouro-negro-2026-lancado-pelo-governo-tem-aporte-de-r-17-milhoes\/","title":{"rendered":"Edital Ouro Negro 2026 lan\u00e7ado pelo governo tem aporte de R$ 17 milh\u00f5es"},"content":{"rendered":"<p><img loading=\"lazy\" class=\"\" src=\"https:\/\/www.correiodascidades.com.br\/v1\/wp-content\/uploads\/2025\/09\/editalouronegro.jpg\" width=\"435\" height=\"263\" \/><\/p>\n<p><span class=\"dropcap \">O <\/span>Governo do Estado, por meio da Secretaria de Cultura (Secult-BA), o Edital Ouro Negro 2026, com investimento recorde de R$ 17 milh\u00f5es para apoio \u00e0s entidades culturais de matrizes africanas. O valor representa R$ 2 milh\u00f5es a mais do que em 2025 e marca os 18 anos de hist\u00f3ria do programa. O evento aconteceu na Pra\u00e7a Tereza Batista, no Pelourinho, e contou com a presen\u00e7a de representantes das agremia\u00e7\u00f5es. <!--more--><\/p>\n<p>Ser\u00e3o selecionados 138 projetos. Os recursos do Edital Ouro Negro asseguram a participa\u00e7\u00e3o de grupos nos desfiles do Carnaval de Salvador e em outras cinco festas populares baianas: Lavagem do Bonfim, Lavagem de Itapu\u00e3, Lavagem de Purifica\u00e7\u00e3o (Santo Amaro), Micareta de Feira de Santana, Festa de Reis de Cachoeira e Carnaval do Interior. As inscri\u00e7\u00f5es s\u00e3o gratuitas e devem ser realizadas atrav\u00e9s de formul\u00e1rio online (<a href=\"https:\/\/forms.gle\/UcoVHFMw8Ec9ZMJx6\">https:\/\/forms.gle\/UcoVHFMw8Ec9ZMJx6<\/a>) at\u00e9 o dia 15 de outubro.<\/p>\n<p>Ser\u00e3o contempladas entidades como blocos afro, afox\u00e9s, de \u00edndio, samba e reggae. O edital busca selecionar projetos que valorizem as tradi\u00e7\u00f5es culturais afro-brasileiras, incentivem a participa\u00e7\u00e3o da juventude, preservem a est\u00e9tica e os s\u00edmbolos dessas manifesta\u00e7\u00f5es e garantam a transmiss\u00e3o do legado cultural \u00e0s novas gera\u00e7\u00f5es. \u201cA partir do di\u00e1logo, da experi\u00eancia e dos resultados que esse programa gera, o Governo do Estado amplia, mais uma vez, o Ouro Negro, garantindo a preserva\u00e7\u00e3o da hist\u00f3ria e ancestralidade do povo baiano no carnaval e nas festas populares\u201d, comentou o secret\u00e1rio estadual de cultura da Bahia, Bruno Monteiro.<\/p>\n<p>Simplifica\u00e7\u00e3o na entrega dos documentos de habilita\u00e7\u00e3o das entidades e inclus\u00e3o de uma nova faixa de valor (R$ 300 mil) no edital foram algumas mudan\u00e7as implantadas em rela\u00e7\u00e3o ao edital de 2025. Al\u00e9m do aumento no investimento, o Ouro Negro 2026 ampliou o alcance do programa: o n\u00famero de projetos selecionados passou de 112 em 2025 para 138 neste ano. Ser\u00e3o beneficiadas 120 entidades culturais, 20 a mais do que o ano anterior. A expans\u00e3o refor\u00e7a o compromisso do governo em democratizar o acesso aos recursos, incentivar a diversidade e fortalecer a presen\u00e7a de diferentes manifesta\u00e7\u00f5es culturais em todas as festas populares do estado.<\/p>\n","protected":false},"excerpt":{"rendered":"<p>O Governo do Estado, por meio da Secretaria de Cultura (Secult-BA), o Edital Ouro Negro 2026, com investimento recorde de R$ 17 milh\u00f5es para apoio \u00e0s entidades culturais de matrizes africanas. O valor representa R$ 2 milh\u00f5es a mais do que em 2025 e marca os 18 anos de hist\u00f3ria do programa. O evento aconteceu [&hellip;]<\/p>\n","protected":false},"author":3,"featured_media":18095,"comment_status":"closed","ping_status":"closed","sticky":false,"template":"","format":"standard","meta":{"_links_to":"","_links_to_target":""},"categories":[1],"tags":[],"_links":{"self":[{"href":"https:\/\/www.correiodascidades.com.br\/v1\/wp-json\/wp\/v2\/posts\/18094"}],"collection":[{"href":"https:\/\/www.correiodascidades.com.br\/v1\/wp-json\/wp\/v2\/posts"}],"about":[{"href":"https:\/\/www.correiodascidades.com.br\/v1\/wp-json\/wp\/v2\/types\/post"}],"author":[{"embeddable":true,"href":"https:\/\/www.correiodascidades.com.br\/v1\/wp-json\/wp\/v2\/users\/3"}],"replies":[{"embeddable":true,"href":"https:\/\/www.correiodascidades.com.br\/v1\/wp-json\/wp\/v2\/comments?post=18094"}],"version-history":[{"count":1,"href":"https:\/\/www.correiodascidades.com.br\/v1\/wp-json\/wp\/v2\/posts\/18094\/revisions"}],"predecessor-version":[{"id":18096,"href":"https:\/\/www.correiodascidades.com.br\/v1\/wp-json\/wp\/v2\/posts\/18094\/revisions\/18096"}],"wp:featuredmedia":[{"embeddable":true,"href":"https:\/\/www.correiodascidades.com.br\/v1\/wp-json\/wp\/v2\/media\/18095"}],"wp:attachment":[{"href":"https:\/\/www.correiodascidades.com.br\/v1\/wp-json\/wp\/v2\/media?parent=18094"}],"wp:term":[{"taxonomy":"category","embeddable":true,"href":"https:\/\/www.correiodascidades.com.br\/v1\/wp-json\/wp\/v2\/categories?post=18094"},{"taxonomy":"post_tag","embeddable":true,"href":"https:\/\/www.correiodascidades.com.br\/v1\/wp-json\/wp\/v2\/tags?post=18094"}],"curies":[{"name":"wp","href":"https:\/\/api.w.org\/{rel}","templated":true}]}}