{"id":18100,"date":"2025-09-29T03:40:33","date_gmt":"2025-09-29T06:40:33","guid":{"rendered":"https:\/\/www.correiodascidades.com.br\/v1\/?p=18100"},"modified":"2025-09-29T03:42:47","modified_gmt":"2025-09-29T06:42:47","slug":"ilheus-caminhada-indigena-reuniu-uma-grande-multidao-e-varios-politicos","status":"publish","type":"post","link":"https:\/\/www.correiodascidades.com.br\/v1\/2025\/09\/29\/ilheus-caminhada-indigena-reuniu-uma-grande-multidao-e-varios-politicos\/","title":{"rendered":"ILH\u00c9US: Caminhada ind\u00edgena reuniu uma grande multid\u00e3o e v\u00e1rios pol\u00edticos"},"content":{"rendered":"<p><img loading=\"lazy\" class=\"\" src=\"https:\/\/www.correiodascidades.com.br\/v1\/wp-content\/uploads\/2025\/09\/e9dab307-e117-4e82-a740-826720aefe6e.jpeg\" width=\"311\" height=\"330\" \/><\/p>\n<p>Na manh\u00e3 deste domingo (28), uma caminhada com a popula\u00e7\u00e3o ind\u00edgena aconteceu no Bairro de Oliven\u00e7a \u2013 Zona Sul da cidade de Ilh\u00e9us. Estiveram presentes: O deputado federal Jorge Sola, o Vereador Adilson Jos\u00e9, secret\u00e1rios estaduais, e a popula\u00e7\u00e3o de modo em geral. CLIQUE NA SETA VERMELHA ABAIXO E VEJA.<\/p>\n<p><iframe loading=\"lazy\" title=\"WhatsApp Video 2025 09 29 at 03 15 30\" width=\"422\" height=\"750\" src=\"https:\/\/www.youtube.com\/embed\/82V185FrtlE?feature=oembed\" frameborder=\"0\" allow=\"accelerometer; autoplay; clipboard-write; encrypted-media; gyroscope; picture-in-picture; web-share\" referrerpolicy=\"strict-origin-when-cross-origin\" allowfullscreen><\/iframe><\/p>\n<p>A referida maratona popular com os povos tradicionais faz parte de um ritual que h\u00e1 muitos anos acontece na comunidade como forma de celebra\u00e7\u00e3o e ato de manifesta\u00e7\u00e3o dos povos tradicionais e esta caminhada deste domingo comemorou o encerramento de um Semin\u00e1rio, denominado (JOVENS E VELHOS ANCI\u00d5ES) promovido na Aldeia Igalha &#8211; com v\u00e1rias atividades que tiveram inicio na quinta-feira, finalizando com a marcha pelas ruas que reuniu diversas pessoas em sua grande maioria ind\u00edgenas.<\/p>\n<p>A caminhada come\u00e7ou \u00e1s 10 horas da manh\u00e3 saindo da Pra\u00e7a de Oliven\u00e7a em Destino a Aldeia Igalha. O povo feliz caminhou e cantou junto com os \u00edndios.<\/p>\n","protected":false},"excerpt":{"rendered":"<p>Na manh\u00e3 deste domingo (28), uma caminhada com a popula\u00e7\u00e3o ind\u00edgena aconteceu no Bairro de Oliven\u00e7a \u2013 Zona Sul da cidade de Ilh\u00e9us. Estiveram presentes: O deputado federal Jorge Sola, o Vereador Adilson Jos\u00e9, secret\u00e1rios estaduais, e a popula\u00e7\u00e3o de modo em geral. CLIQUE NA SETA VERMELHA ABAIXO E VEJA. A referida maratona popular com [&hellip;]<\/p>\n","protected":false},"author":3,"featured_media":18101,"comment_status":"closed","ping_status":"closed","sticky":false,"template":"","format":"standard","meta":{"_links_to":"","_links_to_target":""},"categories":[1],"tags":[],"_links":{"self":[{"href":"https:\/\/www.correiodascidades.com.br\/v1\/wp-json\/wp\/v2\/posts\/18100"}],"collection":[{"href":"https:\/\/www.correiodascidades.com.br\/v1\/wp-json\/wp\/v2\/posts"}],"about":[{"href":"https:\/\/www.correiodascidades.com.br\/v1\/wp-json\/wp\/v2\/types\/post"}],"author":[{"embeddable":true,"href":"https:\/\/www.correiodascidades.com.br\/v1\/wp-json\/wp\/v2\/users\/3"}],"replies":[{"embeddable":true,"href":"https:\/\/www.correiodascidades.com.br\/v1\/wp-json\/wp\/v2\/comments?post=18100"}],"version-history":[{"count":2,"href":"https:\/\/www.correiodascidades.com.br\/v1\/wp-json\/wp\/v2\/posts\/18100\/revisions"}],"predecessor-version":[{"id":18103,"href":"https:\/\/www.correiodascidades.com.br\/v1\/wp-json\/wp\/v2\/posts\/18100\/revisions\/18103"}],"wp:featuredmedia":[{"embeddable":true,"href":"https:\/\/www.correiodascidades.com.br\/v1\/wp-json\/wp\/v2\/media\/18101"}],"wp:attachment":[{"href":"https:\/\/www.correiodascidades.com.br\/v1\/wp-json\/wp\/v2\/media?parent=18100"}],"wp:term":[{"taxonomy":"category","embeddable":true,"href":"https:\/\/www.correiodascidades.com.br\/v1\/wp-json\/wp\/v2\/categories?post=18100"},{"taxonomy":"post_tag","embeddable":true,"href":"https:\/\/www.correiodascidades.com.br\/v1\/wp-json\/wp\/v2\/tags?post=18100"}],"curies":[{"name":"wp","href":"https:\/\/api.w.org\/{rel}","templated":true}]}}