{"id":18110,"date":"2025-09-30T08:15:57","date_gmt":"2025-09-30T11:15:57","guid":{"rendered":"https:\/\/www.correiodascidades.com.br\/v1\/?p=18110"},"modified":"2025-09-30T08:15:57","modified_gmt":"2025-09-30T11:15:57","slug":"18110","status":"publish","type":"post","link":"https:\/\/www.correiodascidades.com.br\/v1\/2025\/09\/30\/18110\/","title":{"rendered":""},"content":{"rendered":"<p><img loading=\"lazy\" class=\"\" src=\"https:\/\/www.correiodascidades.com.br\/v1\/wp-content\/uploads\/2025\/09\/download-1-3.jpeg\" width=\"502\" height=\"652\" \/><\/p>\n<p>A Prefeitura de Ilh\u00e9us, por meio da Secretaria Municipal de Sa\u00fade, segue investindo na melhoria de mais uma unidade de sa\u00fade. A UBS Euler \u00c1zaro, no bairro Teot\u00f4nio Vilela, passar\u00e1 por uma reforma, a partir desta ter\u00e7a-feira, 30 de setembro de 2025, para melhor atender a popula\u00e7\u00e3o. <!--more--><\/p>\n<p>Durante a obra, toda a estrutura de atendimento ser\u00e1 transferida para a ESF Vilela IV, localizada na Rua Padre Jo\u00e3o Borges, n\u00ba 235, garantindo a continuidade dos servi\u00e7os de sa\u00fade para os moradores do bairro.<\/p>\n<p>A mudan\u00e7a \u00e9 tempor\u00e1ria e necess\u00e1ria para oferecer uma unidade mais moderna e adequada \u00e0s necessidades da comunidade.<\/p>\n","protected":false},"excerpt":{"rendered":"<p>A Prefeitura de Ilh\u00e9us, por meio da Secretaria Municipal de Sa\u00fade, segue investindo na melhoria de mais uma unidade de sa\u00fade. A UBS Euler \u00c1zaro, no bairro Teot\u00f4nio Vilela, passar\u00e1 por uma reforma, a partir desta ter\u00e7a-feira, 30 de setembro de 2025, para melhor atender a popula\u00e7\u00e3o.<\/p>\n","protected":false},"author":3,"featured_media":18111,"comment_status":"closed","ping_status":"closed","sticky":false,"template":"","format":"standard","meta":{"_links_to":"","_links_to_target":""},"categories":[1],"tags":[],"_links":{"self":[{"href":"https:\/\/www.correiodascidades.com.br\/v1\/wp-json\/wp\/v2\/posts\/18110"}],"collection":[{"href":"https:\/\/www.correiodascidades.com.br\/v1\/wp-json\/wp\/v2\/posts"}],"about":[{"href":"https:\/\/www.correiodascidades.com.br\/v1\/wp-json\/wp\/v2\/types\/post"}],"author":[{"embeddable":true,"href":"https:\/\/www.correiodascidades.com.br\/v1\/wp-json\/wp\/v2\/users\/3"}],"replies":[{"embeddable":true,"href":"https:\/\/www.correiodascidades.com.br\/v1\/wp-json\/wp\/v2\/comments?post=18110"}],"version-history":[{"count":1,"href":"https:\/\/www.correiodascidades.com.br\/v1\/wp-json\/wp\/v2\/posts\/18110\/revisions"}],"predecessor-version":[{"id":18112,"href":"https:\/\/www.correiodascidades.com.br\/v1\/wp-json\/wp\/v2\/posts\/18110\/revisions\/18112"}],"wp:featuredmedia":[{"embeddable":true,"href":"https:\/\/www.correiodascidades.com.br\/v1\/wp-json\/wp\/v2\/media\/18111"}],"wp:attachment":[{"href":"https:\/\/www.correiodascidades.com.br\/v1\/wp-json\/wp\/v2\/media?parent=18110"}],"wp:term":[{"taxonomy":"category","embeddable":true,"href":"https:\/\/www.correiodascidades.com.br\/v1\/wp-json\/wp\/v2\/categories?post=18110"},{"taxonomy":"post_tag","embeddable":true,"href":"https:\/\/www.correiodascidades.com.br\/v1\/wp-json\/wp\/v2\/tags?post=18110"}],"curies":[{"name":"wp","href":"https:\/\/api.w.org\/{rel}","templated":true}]}}