{"id":18113,"date":"2025-09-30T13:28:42","date_gmt":"2025-09-30T16:28:42","guid":{"rendered":"https:\/\/www.correiodascidades.com.br\/v1\/?p=18113"},"modified":"2025-09-30T13:28:42","modified_gmt":"2025-09-30T16:28:42","slug":"escola-do-legislativo-camara-de-itabuna-convida-servidores-para-nova-etapa-do-projeto-equilibrio-e-cuidado","status":"publish","type":"post","link":"https:\/\/www.correiodascidades.com.br\/v1\/2025\/09\/30\/escola-do-legislativo-camara-de-itabuna-convida-servidores-para-nova-etapa-do-projeto-equilibrio-e-cuidado\/","title":{"rendered":"Escola do Legislativo: C\u00e2mara de Itabuna convida servidores para nova etapa do projeto \u201cEquil\u00edbrio e Cuidado\u201d"},"content":{"rendered":"<div class=\"elementor-element elementor-element-8cfa878 elementor-widget elementor-widget-theme-post-content\" data-id=\"8cfa878\" data-element_type=\"widget\" data-widget_type=\"theme-post-content.default\">\n<div class=\"elementor-widget-container\">\n<p data-start=\"203\" data-end=\"462\"><img loading=\"lazy\" class=\"\" src=\"https:\/\/www.correiodascidades.com.br\/v1\/wp-content\/uploads\/2025\/09\/DSC008733-300x154-1.jpg\" width=\"397\" height=\"204\" \/><\/p>\n<p data-start=\"203\" data-end=\"462\"><strong>A C\u00e2mara Municipal de Itabuna, por meio da Escola do Legislativo, realiza na pr\u00f3xima quarta-feira (1\u00ba de outubro) \u00e0s 14h, a segunda etapa do projeto \u201cEquil\u00edbrio e Cuidado: Sa\u00fade Mental no Legislativo\u201d, em parceria com acad\u00eamicos de Medicina da AFYA Itabuna.\u00a0<\/strong><\/p>\n<\/div>\n<\/div>\n<p><!--more--><\/p>\n<p data-start=\"464\" data-end=\"795\"><strong>O encontro ter\u00e1 como tema \u201cEscutar \u00e9 Atuar: comunica\u00e7\u00e3o, empatia e escuta ativa no ambiente de trabalho\u201d e ser\u00e1 conduzido pelo professor Lindomar Coutinho da Silva, que possui forma\u00e7\u00e3o em Filosofia, Psicologia e Sociologia, al\u00e9m de especializa\u00e7\u00f5es em Educa\u00e7\u00e3o, Bem-estar e Felicidade, Lideran\u00e7a Estrat\u00e9gica e Comunica\u00e7\u00e3o.<\/strong><\/p>\n<p data-start=\"797\" data-end=\"1044\"><strong>A atividade que ser\u00e1 realizada no Plen\u00e1rio da C\u00e2mara de Itabuna, \u00e9 voltada principalmente para os servidores da Casa, fortalecendo a proposta do projeto de valorizar o bem-estar e a qualidade de vida no ambiente institucional.<\/strong><\/p>\n<p data-start=\"1046\" data-end=\"1146\"><strong>O presidente da Escola do Legislativo, vereador Ricardo Xavier (Cidadania), refor\u00e7a o convite.<\/strong><\/p>\n<blockquote data-start=\"1147\" data-end=\"1376\">\n<p data-start=\"1149\" data-end=\"1376\"><strong>\u201cEsse \u00e9 um momento muito importante de aprendizado coletivo. A escuta e a empatia s\u00e3o fundamentais para construirmos rela\u00e7\u00f5es mais saud\u00e1veis dentro do Legislativo e, a partir disso, servirmos ainda melhor \u00e0 nossa comunidade.\u201d<\/strong><\/p>\n<\/blockquote>\n<p data-start=\"1378\" data-end=\"1514\"><strong>O ciclo de atividades segue at\u00e9 o dia 15 de outubro, sempre com temas relacionados \u00e0 sa\u00fade mental e qualidade de vida no trabalho.<\/strong><\/p>\n<p data-start=\"203\" data-end=\"462\"><strong>quarta-feira (1\u00ba de outubro) \u00e0s 14h, a segunda etapa do projeto \u201cEquil\u00edbrio e Cuidado: Sa\u00fade Mental no Legislativo\u201d, em parceria com acad\u00eamicos de Medicina da AFYA Itabuna.<\/strong><\/p>\n<p data-start=\"464\" data-end=\"795\"><strong>O encontro ter\u00e1 como tema \u201cEscutar \u00e9 Atuar: comunica\u00e7\u00e3o, empatia e escuta ativa no ambiente de trabalho\u201d e ser\u00e1 conduzido pelo professor Lindomar Coutinho da Silva, que possui forma\u00e7\u00e3o em Filosofia, Psicologia e Sociologia, al\u00e9m de especializa\u00e7\u00f5es em Educa\u00e7\u00e3o, Bem-estar e Felicidade, Lideran\u00e7a Estrat\u00e9gica e Comunica\u00e7\u00e3o.<\/strong><\/p>\n<p data-start=\"797\" data-end=\"1044\"><strong>A atividade que ser\u00e1 realizada no Plen\u00e1rio da C\u00e2mara de Itabuna, \u00e9 voltada principalmente para os servidores da Casa, fortalecendo a proposta do projeto de valorizar o bem-estar e a qualidade de vida no ambiente institucional.<\/strong><\/p>\n<p data-start=\"1046\" data-end=\"1146\"><strong>O presidente da Escola do Legislativo, vereador Ricardo Xavier (Cidadania), refor\u00e7a o convite.<\/strong><\/p>\n<blockquote data-start=\"1147\" data-end=\"1376\">\n<p data-start=\"1149\" data-end=\"1376\"><strong>\u201cEsse \u00e9 um momento muito importante de aprendizado coletivo. A escuta e a empatia s\u00e3o fundamentais para construirmos rela\u00e7\u00f5es mais saud\u00e1veis dentro do Legislativo e, a partir disso, servirmos ainda melhor \u00e0 nossa comunidade.\u201d<\/strong><\/p>\n<\/blockquote>\n<p data-start=\"1378\" data-end=\"1514\"><strong>O ciclo de atividades segue at\u00e9 o dia 15 de outubro, sempre com temas relacionados \u00e0 sa\u00fade mental e qualidade de vida no trabalho.<\/strong><\/p>\n<hr \/>\n<p data-start=\"1378\" data-end=\"1514\"><strong><img loading=\"lazy\" class=\"alignnone  wp-image-15502\" src=\"https:\/\/itabuna.ba.leg.br\/wp-content\/uploads\/2025\/09\/b1e1793b-cc5a-4d7a-ae5c-e6b29441c8aa.jpeg\" sizes=\"(max-width: 1024px) 100vw, 1024px\" srcset=\"https:\/\/itabuna.ba.leg.br\/wp-content\/uploads\/2025\/09\/b1e1793b-cc5a-4d7a-ae5c-e6b29441c8aa.jpeg 1024w, https:\/\/itabuna.ba.leg.br\/wp-content\/uploads\/2025\/09\/b1e1793b-cc5a-4d7a-ae5c-e6b29441c8aa-240x300.jpeg 240w, https:\/\/itabuna.ba.leg.br\/wp-content\/uploads\/2025\/09\/b1e1793b-cc5a-4d7a-ae5c-e6b29441c8aa-819x1024.jpeg 819w, https:\/\/itabuna.ba.leg.br\/wp-content\/uploads\/2025\/09\/b1e1793b-cc5a-4d7a-ae5c-e6b29441c8aa-768x960.jpeg 768w\" alt=\"\" width=\"587\" height=\"733\" \/><\/strong><\/p>\n<p data-start=\"1516\" data-end=\"1544\"><strong>????\u00a0Pr\u00f3ximos encontros:<\/strong><\/p>\n<ul data-start=\"1545\" data-end=\"1845\">\n<li data-start=\"1545\" data-end=\"1713\">\n<p data-start=\"1547\" data-end=\"1713\"><strong>06\/10 \u2013\u00a0<em data-start=\"1559\" data-end=\"1586\">Quando o Peso \u00e9 Invis\u00edvel<\/em>\u00a0\u2013 Sa\u00fade mental no trabalho: burnout, ansiedade, depress\u00e3o e direito ao cuidado, com o professor Jo\u00e3o Acyr Chueiry Filho.<\/strong><\/p>\n<\/li>\n<li data-start=\"1714\" data-end=\"1845\">\n<p data-start=\"1716\" data-end=\"1845\"><strong>15\/10 \u2013\u00a0<em data-start=\"1728\" data-end=\"1742\">Encerramento<\/em>\u00a0\u2013 Oficina colaborativa \u201cConstruindo Redes, Cuidando Juntos\u201d, com a professora Alessandra Borges.<\/strong><\/p>\n<\/li>\n<\/ul>\n<p>&nbsp;<\/p>\n<div class=\"elementor-element elementor-element-9766580 elementor-post-navigation-borders-yes elementor-widget elementor-widget-post-navigation\" data-id=\"9766580\" data-element_type=\"widget\" data-widget_type=\"post-navigation.default\">\n<div class=\"elementor-widget-container\">\n<div class=\"elementor-post-navigation\">\n<div class=\"elementor-post-navigation__separator-wrapper\">\n<div class=\"elementor-post-navigation__separator\"><\/div>\n<\/div>\n<\/div>\n<\/div>\n<\/div>\n","protected":false},"excerpt":{"rendered":"<p>A C\u00e2mara Municipal de Itabuna, por meio da Escola do Legislativo, realiza na pr\u00f3xima quarta-feira (1\u00ba de outubro) \u00e0s 14h, a segunda etapa do projeto \u201cEquil\u00edbrio e Cuidado: Sa\u00fade Mental no Legislativo\u201d, em parceria com acad\u00eamicos de Medicina da AFYA Itabuna.\u00a0<\/p>\n","protected":false},"author":3,"featured_media":18114,"comment_status":"closed","ping_status":"closed","sticky":false,"template":"","format":"standard","meta":{"_links_to":"","_links_to_target":""},"categories":[1],"tags":[],"_links":{"self":[{"href":"https:\/\/www.correiodascidades.com.br\/v1\/wp-json\/wp\/v2\/posts\/18113"}],"collection":[{"href":"https:\/\/www.correiodascidades.com.br\/v1\/wp-json\/wp\/v2\/posts"}],"about":[{"href":"https:\/\/www.correiodascidades.com.br\/v1\/wp-json\/wp\/v2\/types\/post"}],"author":[{"embeddable":true,"href":"https:\/\/www.correiodascidades.com.br\/v1\/wp-json\/wp\/v2\/users\/3"}],"replies":[{"embeddable":true,"href":"https:\/\/www.correiodascidades.com.br\/v1\/wp-json\/wp\/v2\/comments?post=18113"}],"version-history":[{"count":1,"href":"https:\/\/www.correiodascidades.com.br\/v1\/wp-json\/wp\/v2\/posts\/18113\/revisions"}],"predecessor-version":[{"id":18115,"href":"https:\/\/www.correiodascidades.com.br\/v1\/wp-json\/wp\/v2\/posts\/18113\/revisions\/18115"}],"wp:featuredmedia":[{"embeddable":true,"href":"https:\/\/www.correiodascidades.com.br\/v1\/wp-json\/wp\/v2\/media\/18114"}],"wp:attachment":[{"href":"https:\/\/www.correiodascidades.com.br\/v1\/wp-json\/wp\/v2\/media?parent=18113"}],"wp:term":[{"taxonomy":"category","embeddable":true,"href":"https:\/\/www.correiodascidades.com.br\/v1\/wp-json\/wp\/v2\/categories?post=18113"},{"taxonomy":"post_tag","embeddable":true,"href":"https:\/\/www.correiodascidades.com.br\/v1\/wp-json\/wp\/v2\/tags?post=18113"}],"curies":[{"name":"wp","href":"https:\/\/api.w.org\/{rel}","templated":true}]}}