{"id":1830,"date":"2022-12-03T22:32:56","date_gmt":"2022-12-04T01:32:56","guid":{"rendered":"https:\/\/www.correiodascidades.com.br\/v1\/?p=1830"},"modified":"2022-12-03T22:32:56","modified_gmt":"2022-12-04T01:32:56","slug":"1830","status":"publish","type":"post","link":"https:\/\/www.correiodascidades.com.br\/v1\/2022\/12\/03\/1830\/","title":{"rendered":""},"content":{"rendered":"<p><img loading=\"lazy\" class=\"\" src=\"https:\/\/www.correiodascidades.com.br\/v1\/wp-content\/uploads\/2022\/12\/plenariodosenadovitacao-e1670117536456.jpg\" width=\"598\" height=\"404\" \/><\/p>\n<p><span class=\"dropcap \">P<\/span>roposta de emenda apresentada no Senado criminaliza cr\u00edticas a pol\u00edticos de m\u00e1 reputa\u00e7\u00e3o e bajula os membros do Supremo Tribunal Federal (STF) atribuindo-lhes a compet\u00eancia para julgar \u201ccrimes contra o Estado Democr\u00e1tico de Direito\u201d. Com a PEC da Morda\u00e7a, esses pol\u00edticos querem circular sem o risco de serem xingados por cidad\u00e3os indignados, tornando crime, por exemplo, quem os chame de \u201cladr\u00e3o\u201d, por exemplo, ainda que o sejam. E ainda que respondam graves den\u00fancias na Justi\u00e7a. <!--more--><\/p>\n<div class=\"notas\">\n<div id=\"Nota-2\" class=\"entry-block ch-nota Nota-2\">\n<h3>PEC os enrolados<\/h3>\n<\/div>\n<p>De autoria do not\u00f3rio Renan Calheiros (MDB-AL), a PEC teve a ades\u00e3o de 33 senadores, quase todos enrolados em den\u00fancias de ladroagem.<\/p>\n<div id=\"Nota-3\" class=\"entry-block ch-nota Nota-3\">\n<h3>M\u00e3o lava a outra<\/h3>\n<\/div>\n<p>A proposta afaga ministros do STF, sempre bonzinhos com pol\u00edticos de reputa\u00e7\u00e3o em chamas, dias depois de serem hostilizados em Nova York.<\/p>\n<div id=\"Nota-4\" class=\"entry-block ch-nota Nota-4\">\n<h3>Apenas intimida\u00e7\u00e3o<\/h3>\n<\/div>\n<p>A proposta marota inventa o \u201ccrime de intoler\u00e2ncia pol\u00edtica\u201d, com pena de pris\u00e3o e multa, para intimidar o exerc\u00edcio da liberdade de express\u00e3o.<\/p>\n<div id=\"Nota-5\" class=\"entry-block ch-nota Nota-5\">\n<h3>Morda\u00e7a no povo<\/h3>\n<\/div>\n<p>Se for chamado de \u201cladr\u00e3o\u201d, o pol\u00edtico ou autoridade poderia alegar que foi \u201chostilizado\u201d e, com isso, obter a pris\u00e3o do xingador.<\/p>\n<\/div>\n","protected":false},"excerpt":{"rendered":"<p>Proposta de emenda apresentada no Senado criminaliza cr\u00edticas a pol\u00edticos de m\u00e1 reputa\u00e7\u00e3o e bajula os membros do Supremo Tribunal Federal (STF) atribuindo-lhes a compet\u00eancia para julgar \u201ccrimes contra o Estado Democr\u00e1tico de Direito\u201d. Com a PEC da Morda\u00e7a, esses pol\u00edticos querem circular sem o risco de serem xingados por cidad\u00e3os indignados, tornando crime, por [&hellip;]<\/p>\n","protected":false},"author":3,"featured_media":1831,"comment_status":"closed","ping_status":"closed","sticky":false,"template":"","format":"standard","meta":{"_links_to":"","_links_to_target":""},"categories":[1],"tags":[],"_links":{"self":[{"href":"https:\/\/www.correiodascidades.com.br\/v1\/wp-json\/wp\/v2\/posts\/1830"}],"collection":[{"href":"https:\/\/www.correiodascidades.com.br\/v1\/wp-json\/wp\/v2\/posts"}],"about":[{"href":"https:\/\/www.correiodascidades.com.br\/v1\/wp-json\/wp\/v2\/types\/post"}],"author":[{"embeddable":true,"href":"https:\/\/www.correiodascidades.com.br\/v1\/wp-json\/wp\/v2\/users\/3"}],"replies":[{"embeddable":true,"href":"https:\/\/www.correiodascidades.com.br\/v1\/wp-json\/wp\/v2\/comments?post=1830"}],"version-history":[{"count":1,"href":"https:\/\/www.correiodascidades.com.br\/v1\/wp-json\/wp\/v2\/posts\/1830\/revisions"}],"predecessor-version":[{"id":1832,"href":"https:\/\/www.correiodascidades.com.br\/v1\/wp-json\/wp\/v2\/posts\/1830\/revisions\/1832"}],"wp:featuredmedia":[{"embeddable":true,"href":"https:\/\/www.correiodascidades.com.br\/v1\/wp-json\/wp\/v2\/media\/1831"}],"wp:attachment":[{"href":"https:\/\/www.correiodascidades.com.br\/v1\/wp-json\/wp\/v2\/media?parent=1830"}],"wp:term":[{"taxonomy":"category","embeddable":true,"href":"https:\/\/www.correiodascidades.com.br\/v1\/wp-json\/wp\/v2\/categories?post=1830"},{"taxonomy":"post_tag","embeddable":true,"href":"https:\/\/www.correiodascidades.com.br\/v1\/wp-json\/wp\/v2\/tags?post=1830"}],"curies":[{"name":"wp","href":"https:\/\/api.w.org\/{rel}","templated":true}]}}