{"id":1834,"date":"2022-12-03T22:39:48","date_gmt":"2022-12-04T01:39:48","guid":{"rendered":"https:\/\/www.correiodascidades.com.br\/v1\/?p=1834"},"modified":"2022-12-03T22:39:48","modified_gmt":"2022-12-04T01:39:48","slug":"prostracao-de-bolsonaro-desaponta-seus-aliados","status":"publish","type":"post","link":"https:\/\/www.correiodascidades.com.br\/v1\/2022\/12\/03\/prostracao-de-bolsonaro-desaponta-seus-aliados\/","title":{"rendered":"Prostra\u00e7\u00e3o de Bolsonaro desaponta seus aliados"},"content":{"rendered":"<div class=\"entry-content with-share\">\n<p><img loading=\"lazy\" class=\"\" src=\"https:\/\/www.correiodascidades.com.br\/v1\/wp-content\/uploads\/2022\/12\/whatsapp-image-2022-10-16-at-01.59.26.jpeg\" width=\"602\" height=\"330\" \/><\/p>\n<p><span class=\"dropcap \">\u00c9<\/span>crescente o desapontamento dos apoiadores de Jair Bolsonaro com seu estado de prostra\u00e7\u00e3o, sem articular palavra, como que se esperava de quem, embora oficialmente derrotado, saiu das urnas com um raro capital pol\u00edtico de l\u00edder da oposi\u00e7\u00e3o, com mais de 58 milh\u00f5es de votos.\u00a0 Ao contr\u00e1rio, a atitude do presidente \u00e9 de desinteresse no pr\u00f3prio legado<\/p>\n<\/div>\n<p><!--more--><\/p>\n<p>No jantar organizado pelo presidente do PL, Valdemar Costa Neto, ter\u00e7a (29), ele parecia n\u00e3o querer estar ali. Chegou calado e foi embora assim. Tropa\u2019 ignorada Desde o 2\u00ba turno, o ex-falante Bolsonaro esteve quatro vezes no Planalto e n\u00e3o dirigiu qualquer mensagem para manter sua \u201ctropa\u201d mobilizada. Reagiu muito malO que mais incomoda e surpreende os apoiadores, segundo voz corrente dos convidados ao jantar do PL, \u00e9 que Bolsonaro reage mal \u00e0 derrota. \u00c0 espera de milagre? Al\u00e9m de n\u00e3o se dirigir aos apoiadores, n\u00e3o h\u00e1 not\u00edcia de que Bolsonaro articule coisa alguma, nem para o presente e nem para o futuro. Estranha atitudeEleito em outubro, um parlamentar amigo de Bolsonaro dos tempos de caserna saiu do jantar impactado: \u201cN\u00e3o parecia aquele que conhe\u00e7o\u201d.<\/p>\n<p>&nbsp;<\/p>\n<p>&nbsp;<\/p>\n<div class=\"jeg_share_bottom_container\">\n<div class=\"jeg_share_button share-bottom clearfix\">\n<div class=\"jeg_sharelist\"><\/div>\n<\/div>\n<\/div>\n<div class=\"jeg_push_notification single_post\"><\/div>\n<div class=\"jnews_related_post_container\">\n<div class=\"jeg_postblock_1 jeg_postblock jeg_module_hook jeg_pagination_disable jeg_col_2o3 jnews_module_337774_0_638bba99af056   \" data-unique=\"jnews_module_337774_0_638bba99af056\">\n<div class=\"jeg_block_container jeg_load_more_flag\">\n<div class=\"jeg_posts row\">\n<article class=\"jeg_post jeg_pl_lg_1 col-sm-6 format-standard\">\n<div class=\"jeg_thumb\"><\/div>\n<\/article>\n<\/div>\n<\/div>\n<\/div>\n<\/div>\n","protected":false},"excerpt":{"rendered":"<p>\u00c9crescente o desapontamento dos apoiadores de Jair Bolsonaro com seu estado de prostra\u00e7\u00e3o, sem articular palavra, como que se esperava de quem, embora oficialmente derrotado, saiu das urnas com um raro capital pol\u00edtico de l\u00edder da oposi\u00e7\u00e3o, com mais de 58 milh\u00f5es de votos.\u00a0 Ao contr\u00e1rio, a atitude do presidente \u00e9 de desinteresse no pr\u00f3prio [&hellip;]<\/p>\n","protected":false},"author":3,"featured_media":1835,"comment_status":"closed","ping_status":"closed","sticky":false,"template":"","format":"standard","meta":{"_links_to":"","_links_to_target":""},"categories":[1],"tags":[],"_links":{"self":[{"href":"https:\/\/www.correiodascidades.com.br\/v1\/wp-json\/wp\/v2\/posts\/1834"}],"collection":[{"href":"https:\/\/www.correiodascidades.com.br\/v1\/wp-json\/wp\/v2\/posts"}],"about":[{"href":"https:\/\/www.correiodascidades.com.br\/v1\/wp-json\/wp\/v2\/types\/post"}],"author":[{"embeddable":true,"href":"https:\/\/www.correiodascidades.com.br\/v1\/wp-json\/wp\/v2\/users\/3"}],"replies":[{"embeddable":true,"href":"https:\/\/www.correiodascidades.com.br\/v1\/wp-json\/wp\/v2\/comments?post=1834"}],"version-history":[{"count":1,"href":"https:\/\/www.correiodascidades.com.br\/v1\/wp-json\/wp\/v2\/posts\/1834\/revisions"}],"predecessor-version":[{"id":1836,"href":"https:\/\/www.correiodascidades.com.br\/v1\/wp-json\/wp\/v2\/posts\/1834\/revisions\/1836"}],"wp:featuredmedia":[{"embeddable":true,"href":"https:\/\/www.correiodascidades.com.br\/v1\/wp-json\/wp\/v2\/media\/1835"}],"wp:attachment":[{"href":"https:\/\/www.correiodascidades.com.br\/v1\/wp-json\/wp\/v2\/media?parent=1834"}],"wp:term":[{"taxonomy":"category","embeddable":true,"href":"https:\/\/www.correiodascidades.com.br\/v1\/wp-json\/wp\/v2\/categories?post=1834"},{"taxonomy":"post_tag","embeddable":true,"href":"https:\/\/www.correiodascidades.com.br\/v1\/wp-json\/wp\/v2\/tags?post=1834"}],"curies":[{"name":"wp","href":"https:\/\/api.w.org\/{rel}","templated":true}]}}