{"id":18499,"date":"2025-10-26T11:37:36","date_gmt":"2025-10-26T13:37:36","guid":{"rendered":"https:\/\/www.correiodascidades.com.br\/v1\/?p=18499"},"modified":"2025-10-26T11:37:36","modified_gmt":"2025-10-26T13:37:36","slug":"ilheus-latam-inaugura-novo-voo-neste-domingo","status":"publish","type":"post","link":"https:\/\/www.correiodascidades.com.br\/v1\/2025\/10\/26\/ilheus-latam-inaugura-novo-voo-neste-domingo\/","title":{"rendered":"Ilh\u00e9us: Latam inaugura novo voo neste domingo"},"content":{"rendered":"<p><img loading=\"lazy\" class=\"\" src=\"https:\/\/www.correiodascidades.com.br\/v1\/wp-content\/uploads\/2025\/10\/download-3.jpeg\" width=\"400\" height=\"189\" \/><\/p>\n<p>Mais do que a chegada de um avi\u00e3o, \u00e9 a aterrissagem de novas possibilidades. A consolida\u00e7\u00e3o desta rota \u00e9 um marco estrat\u00e9gico, um investimento concreto no potencial da Bahia. Ela simboliza a confian\u00e7a no destino e deve aquecer o turismo, gerar empregos e facilitar o interc\u00e2mbio comercial, colocando a Costa do Cacau em evid\u00eancia no mapa nacional de forma permanente. <!--more--><\/p>\n<p>Este evento n\u00e3o \u00e9 apenas um an\u00fancio; \u00e9 a materializa\u00e7\u00e3o de um esfor\u00e7o conjunto entre o poder p\u00fablico e a iniciativa privada para destravar o potencial de uma das regi\u00f5es mais ic\u00f4nicas do Brasil.<\/p>\n<p>????\ufe0f Dispon\u00edveis para Entrevistas (OPORTUNIDADE EXCLUSIVA):<\/p>\n<p>\u00b7 Eduardo Macedo, Head de Assuntos P\u00fablicos da LATAM Brasil: Poder\u00e1 falar sobre a estrat\u00e9gia da companhia para a Bahia, a import\u00e2ncia de rotas regulares para o desenvolvimento regional, expectativa de demanda e os investimentos no estado.<br \/>\n\u00b7 Alexander Cerqueira, Diretor da Divis\u00e3o de Aeroportos da Socicam: Poder\u00e1 detalhar os preparativos e adapta\u00e7\u00f5es no aeroporto de Ilh\u00e9us para receber o voo regular, o impacto da opera\u00e7\u00e3o para a infraestrutura local e os benef\u00edcios para os passageiros.<\/p>\n<p>\u00b7 Maur\u00edcio Bacelar, Secret\u00e1rio de Turismo do Estado da Bahia (Setur-BA): Poder\u00e1 comentar sobre o impacto econ\u00f4mico e social do novo voo, a estrat\u00e9gia do estado para fomentar o turismo regional e as proje\u00e7\u00f5es para a Costa do Cacau com essa conex\u00e3o permanente.<\/p>\n<p>Atrativos Visuais para a Cobertura:<\/p>\n<p>\u00b7 Cerim\u00f4nia solene com dirigentes em frente ao balc\u00e3o de check-in da LATAM.<br \/>\n\u00b7 Receptivo cultural t\u00edpico da Bahia, proporcionando um colorido e uma atmosfera \u00fanica.<br \/>\n\u00b7 Momento simb\u00f3lico de boas-vindas ao voo inaugural.<br \/>\n\u00b7 Oportunidade de imagens do Airbus A319, aeronave com capacidade para 140 passageiros, no p\u00e1tio do aeroporto.<\/p>\n<p>&nbsp;<\/p>\n","protected":false},"excerpt":{"rendered":"<p>Mais do que a chegada de um avi\u00e3o, \u00e9 a aterrissagem de novas possibilidades. A consolida\u00e7\u00e3o desta rota \u00e9 um marco estrat\u00e9gico, um investimento concreto no potencial da Bahia. Ela simboliza a confian\u00e7a no destino e deve aquecer o turismo, gerar empregos e facilitar o interc\u00e2mbio comercial, colocando a Costa do Cacau em evid\u00eancia no [&hellip;]<\/p>\n","protected":false},"author":3,"featured_media":18500,"comment_status":"closed","ping_status":"closed","sticky":false,"template":"","format":"standard","meta":{"_links_to":"","_links_to_target":""},"categories":[1],"tags":[],"_links":{"self":[{"href":"https:\/\/www.correiodascidades.com.br\/v1\/wp-json\/wp\/v2\/posts\/18499"}],"collection":[{"href":"https:\/\/www.correiodascidades.com.br\/v1\/wp-json\/wp\/v2\/posts"}],"about":[{"href":"https:\/\/www.correiodascidades.com.br\/v1\/wp-json\/wp\/v2\/types\/post"}],"author":[{"embeddable":true,"href":"https:\/\/www.correiodascidades.com.br\/v1\/wp-json\/wp\/v2\/users\/3"}],"replies":[{"embeddable":true,"href":"https:\/\/www.correiodascidades.com.br\/v1\/wp-json\/wp\/v2\/comments?post=18499"}],"version-history":[{"count":1,"href":"https:\/\/www.correiodascidades.com.br\/v1\/wp-json\/wp\/v2\/posts\/18499\/revisions"}],"predecessor-version":[{"id":18501,"href":"https:\/\/www.correiodascidades.com.br\/v1\/wp-json\/wp\/v2\/posts\/18499\/revisions\/18501"}],"wp:featuredmedia":[{"embeddable":true,"href":"https:\/\/www.correiodascidades.com.br\/v1\/wp-json\/wp\/v2\/media\/18500"}],"wp:attachment":[{"href":"https:\/\/www.correiodascidades.com.br\/v1\/wp-json\/wp\/v2\/media?parent=18499"}],"wp:term":[{"taxonomy":"category","embeddable":true,"href":"https:\/\/www.correiodascidades.com.br\/v1\/wp-json\/wp\/v2\/categories?post=18499"},{"taxonomy":"post_tag","embeddable":true,"href":"https:\/\/www.correiodascidades.com.br\/v1\/wp-json\/wp\/v2\/tags?post=18499"}],"curies":[{"name":"wp","href":"https:\/\/api.w.org\/{rel}","templated":true}]}}