{"id":1856,"date":"2022-12-05T06:59:32","date_gmt":"2022-12-05T09:59:32","guid":{"rendered":"https:\/\/www.correiodascidades.com.br\/v1\/?p=1856"},"modified":"2022-12-05T06:59:32","modified_gmt":"2022-12-05T09:59:32","slug":"pedro-tavares-reforca-pedido-de-apoio-para-sao-felix-cachoeira-mutuipe-e-demais-municipios-em-audiencia-na-defesa-civil","status":"publish","type":"post","link":"https:\/\/www.correiodascidades.com.br\/v1\/2022\/12\/05\/pedro-tavares-reforca-pedido-de-apoio-para-sao-felix-cachoeira-mutuipe-e-demais-municipios-em-audiencia-na-defesa-civil\/","title":{"rendered":"Pedro Tavares refor\u00e7a pedido de apoio para S\u00e3o F\u00e9lix, Cachoeira, Mutu\u00edpe e demais munic\u00edpios em audi\u00eancia na Defesa Civil"},"content":{"rendered":"<p><img loading=\"lazy\" class=\"\" src=\"https:\/\/www.correiodascidades.com.br\/v1\/wp-content\/uploads\/2022\/12\/transferir.jpg\" width=\"597\" height=\"396\" \/><\/p>\n<p>O deputado estadual Pedro Tavares (Uni\u00e3o Brasil), refor\u00e7ou hoje (02\/12), o pedido de apoio \u00e0 Defesa Civil do Estado para os munic\u00edpios baianos que sofrem com as consequ\u00eancias das chuvas dos \u00faltimos dias. O parlamentar acompanhou o prefeito de Mutu\u00edpe, Dig\u00e3o, na reuni\u00e3o com o coordenador estadual da Defesa Civil, Coronel Miguel Filho, para mostrar o cen\u00e1rio da cidade e solicitar a\u00e7\u00f5es. Tavares discutiu sobre o contexto tamb\u00e9m de outras cidades.<!--more--><\/p>\n<p>No encontro, o deputado tamb\u00e9m entrou em contato com o prefeito de S\u00e3o F\u00e9lix, Alex Aleluia para que ele relatasse a situa\u00e7\u00e3o do munic\u00edpio. Foi informado que a equipe da Defesa Civil j\u00e1 estaria a caminho da cidade para reconhecer o quadro e prestar assist\u00eancia. Al\u00e9m de S\u00e3o F\u00e9lix, a vizinha Cachoeira tamb\u00e9m passa por dificuldades por conta do grande volume de \u00e1gua que caiu essa semana. O deputado agradeceu a receptividade do Coronel, que mostrou a disponibilidade em relatar as a\u00e7\u00f5es e atender os pedidos.<\/p>\n<div class=\"teads-inread teads-display sm-screen\">\n<div class=\"teads-ui-components-adchoices\"><\/div>\n<div class=\"teads-ui-components-label\"><\/div>\n<\/div>\n","protected":false},"excerpt":{"rendered":"<p>O deputado estadual Pedro Tavares (Uni\u00e3o Brasil), refor\u00e7ou hoje (02\/12), o pedido de apoio \u00e0 Defesa Civil do Estado para os munic\u00edpios baianos que sofrem com as consequ\u00eancias das chuvas dos \u00faltimos dias. O parlamentar acompanhou o prefeito de Mutu\u00edpe, Dig\u00e3o, na reuni\u00e3o com o coordenador estadual da Defesa Civil, Coronel Miguel Filho, para mostrar [&hellip;]<\/p>\n","protected":false},"author":3,"featured_media":1857,"comment_status":"closed","ping_status":"closed","sticky":false,"template":"","format":"standard","meta":{"_links_to":"","_links_to_target":""},"categories":[2],"tags":[],"_links":{"self":[{"href":"https:\/\/www.correiodascidades.com.br\/v1\/wp-json\/wp\/v2\/posts\/1856"}],"collection":[{"href":"https:\/\/www.correiodascidades.com.br\/v1\/wp-json\/wp\/v2\/posts"}],"about":[{"href":"https:\/\/www.correiodascidades.com.br\/v1\/wp-json\/wp\/v2\/types\/post"}],"author":[{"embeddable":true,"href":"https:\/\/www.correiodascidades.com.br\/v1\/wp-json\/wp\/v2\/users\/3"}],"replies":[{"embeddable":true,"href":"https:\/\/www.correiodascidades.com.br\/v1\/wp-json\/wp\/v2\/comments?post=1856"}],"version-history":[{"count":1,"href":"https:\/\/www.correiodascidades.com.br\/v1\/wp-json\/wp\/v2\/posts\/1856\/revisions"}],"predecessor-version":[{"id":1858,"href":"https:\/\/www.correiodascidades.com.br\/v1\/wp-json\/wp\/v2\/posts\/1856\/revisions\/1858"}],"wp:featuredmedia":[{"embeddable":true,"href":"https:\/\/www.correiodascidades.com.br\/v1\/wp-json\/wp\/v2\/media\/1857"}],"wp:attachment":[{"href":"https:\/\/www.correiodascidades.com.br\/v1\/wp-json\/wp\/v2\/media?parent=1856"}],"wp:term":[{"taxonomy":"category","embeddable":true,"href":"https:\/\/www.correiodascidades.com.br\/v1\/wp-json\/wp\/v2\/categories?post=1856"},{"taxonomy":"post_tag","embeddable":true,"href":"https:\/\/www.correiodascidades.com.br\/v1\/wp-json\/wp\/v2\/tags?post=1856"}],"curies":[{"name":"wp","href":"https:\/\/api.w.org\/{rel}","templated":true}]}}