{"id":18582,"date":"2025-10-30T08:26:55","date_gmt":"2025-10-30T10:26:55","guid":{"rendered":"https:\/\/www.correiodascidades.com.br\/v1\/?p=18582"},"modified":"2025-10-30T08:26:55","modified_gmt":"2025-10-30T10:26:55","slug":"jeronimo-afirma-que-avanco-do-crime-organizado-e-um-problema-nacional-ultrapassa-fronteiras","status":"publish","type":"post","link":"https:\/\/www.correiodascidades.com.br\/v1\/2025\/10\/30\/jeronimo-afirma-que-avanco-do-crime-organizado-e-um-problema-nacional-ultrapassa-fronteiras\/","title":{"rendered":"Jer\u00f4nimo afirma que avan\u00e7o do crime organizado \u00e9 um problema nacional: \u201cUltrapassa fronteiras\u201d"},"content":{"rendered":"<p><img loading=\"lazy\" class=\"\" src=\"https:\/\/www.correiodascidades.com.br\/v1\/wp-content\/uploads\/2025\/10\/IMG-20251029-WA10191.jpg\" width=\"360\" height=\"167\" \/><\/p>\n<p><span class=\"dropcap \">O <\/span>governador Jer\u00f4nimo Rodrigues afirmou, em entrevista \u00e0\u00a0<strong>TV Bahia<\/strong>,\u00a0 que o avan\u00e7o do crime organizado \u00e9 um problema de dimens\u00e3o nacional, que ultrapassa fronteiras estaduais. O governador lamentou a morte de pessoas inocentes durante as recentes opera\u00e7\u00f5es no Rio de Janeiro e destacou a necessidade de proteger a popula\u00e7\u00e3o de bem, especialmente trabalhadores e pessoas em situa\u00e7\u00e3o de vulnerabilidade afetadas pelos conflitos. <!--more--><\/p>\n<p>Segundo Jer\u00f4nimo, o governo baiano acompanha de perto os desdobramentos da Opera\u00e7\u00e3o Conten\u00e7\u00e3o, que combate o Comando Vermelho no Rio de Janeiro e resultou na morte e pris\u00e3o de baianos ligados \u00e0 fac\u00e7\u00e3o. O governador explicou que o secret\u00e1rio de Seguran\u00e7a P\u00fablica, Marcelo Werner, est\u00e1 monitorando a situa\u00e7\u00e3o e avaliando poss\u00edveis impactos na Bahia, al\u00e9m de manter contato com autoridades fluminenses para troca de informa\u00e7\u00f5es e apoio institucional.<\/p>\n<p>O governador ressaltou que, embora o comando da opera\u00e7\u00e3o seja responsabilidade do Rio de Janeiro, a Bahia mant\u00e9m vigil\u00e2ncia constante para evitar qualquer repercuss\u00e3o local. Ele afirmou que a Secretaria da Seguran\u00e7a P\u00fablica est\u00e1 preparada, com a\u00e7\u00f5es integradas entre as pol\u00edcias civil e militar e com o uso de intelig\u00eancia e tecnologia, para impedir a expans\u00e3o de organiza\u00e7\u00f5es criminosas no estado.<\/p>\n<p>Jer\u00f4nimo defendeu que o enfrentamento ao crime organizado n\u00e3o deve se basear exclusivamente na for\u00e7a bruta, mas em estrat\u00e9gias de intelig\u00eancia, coopera\u00e7\u00e3o federativa e fortalecimento das for\u00e7as estaduais. Para ele, \u00e9 fundamental a uni\u00e3o entre o governo federal e os estados na cria\u00e7\u00e3o de pol\u00edticas permanentes de seguran\u00e7a p\u00fablica que inibam a atua\u00e7\u00e3o das fac\u00e7\u00f5es.<\/p>\n<p>O governador destacou ainda os resultados recentes das opera\u00e7\u00f5es realizadas na Bahia, como a Opera\u00e7\u00e3o Primus, que resultou na apreens\u00e3o de drogas, armas e dinheiro. Segundo ele, as a\u00e7\u00f5es v\u00eam sendo conduzidas de forma criteriosa para evitar abusos e garantir a efic\u00e1cia do combate ao crime.<\/p>\n<blockquote>\n<h4>\u201cPara mim, bandido bom \u00e9 bandido preso, entregue \u00e0 Justi\u00e7a e punido conforme a lei\u201d, concluiu Jer\u00f4nimo.<\/h4>\n<\/blockquote>\n","protected":false},"excerpt":{"rendered":"<p>O governador Jer\u00f4nimo Rodrigues afirmou, em entrevista \u00e0\u00a0TV Bahia,\u00a0 que o avan\u00e7o do crime organizado \u00e9 um problema de dimens\u00e3o nacional, que ultrapassa fronteiras estaduais. O governador lamentou a morte de pessoas inocentes durante as recentes opera\u00e7\u00f5es no Rio de Janeiro e destacou a necessidade de proteger a popula\u00e7\u00e3o de bem, especialmente trabalhadores e pessoas [&hellip;]<\/p>\n","protected":false},"author":3,"featured_media":18583,"comment_status":"closed","ping_status":"closed","sticky":false,"template":"","format":"standard","meta":{"_links_to":"","_links_to_target":""},"categories":[1],"tags":[],"_links":{"self":[{"href":"https:\/\/www.correiodascidades.com.br\/v1\/wp-json\/wp\/v2\/posts\/18582"}],"collection":[{"href":"https:\/\/www.correiodascidades.com.br\/v1\/wp-json\/wp\/v2\/posts"}],"about":[{"href":"https:\/\/www.correiodascidades.com.br\/v1\/wp-json\/wp\/v2\/types\/post"}],"author":[{"embeddable":true,"href":"https:\/\/www.correiodascidades.com.br\/v1\/wp-json\/wp\/v2\/users\/3"}],"replies":[{"embeddable":true,"href":"https:\/\/www.correiodascidades.com.br\/v1\/wp-json\/wp\/v2\/comments?post=18582"}],"version-history":[{"count":1,"href":"https:\/\/www.correiodascidades.com.br\/v1\/wp-json\/wp\/v2\/posts\/18582\/revisions"}],"predecessor-version":[{"id":18584,"href":"https:\/\/www.correiodascidades.com.br\/v1\/wp-json\/wp\/v2\/posts\/18582\/revisions\/18584"}],"wp:featuredmedia":[{"embeddable":true,"href":"https:\/\/www.correiodascidades.com.br\/v1\/wp-json\/wp\/v2\/media\/18583"}],"wp:attachment":[{"href":"https:\/\/www.correiodascidades.com.br\/v1\/wp-json\/wp\/v2\/media?parent=18582"}],"wp:term":[{"taxonomy":"category","embeddable":true,"href":"https:\/\/www.correiodascidades.com.br\/v1\/wp-json\/wp\/v2\/categories?post=18582"},{"taxonomy":"post_tag","embeddable":true,"href":"https:\/\/www.correiodascidades.com.br\/v1\/wp-json\/wp\/v2\/tags?post=18582"}],"curies":[{"name":"wp","href":"https:\/\/api.w.org\/{rel}","templated":true}]}}