{"id":18593,"date":"2025-10-31T09:19:33","date_gmt":"2025-10-31T11:19:33","guid":{"rendered":"https:\/\/www.correiodascidades.com.br\/v1\/?p=18593"},"modified":"2025-10-31T09:19:33","modified_gmt":"2025-10-31T11:19:33","slug":"lula-quebra-promessa-de-fazer-um-mandato-so","status":"publish","type":"post","link":"https:\/\/www.correiodascidades.com.br\/v1\/2025\/10\/31\/lula-quebra-promessa-de-fazer-um-mandato-so\/","title":{"rendered":"Lula quebra promessa de fazer \u2018um mandato s\u00f3\u2019"},"content":{"rendered":"<p><img loading=\"lazy\" class=\"\" src=\"https:\/\/www.correiodascidades.com.br\/v1\/wp-content\/uploads\/2025\/10\/lula-fotoricardostuckert-pr.jpg\" width=\"384\" height=\"214\" \/><\/p>\n<p><span class=\"dropcap \">A <\/span>cinco dias do 2\u00ba turno da elei\u00e7\u00e3o de 2022, o ent\u00e3o candidato Lula (PT) garantiu com todas as letras e por escrito, que, vencendo a disputa com Jair Bolsonaro (PL), n\u00e3o tentaria a reelei\u00e7\u00e3o. \u201cEu se eleito serei um presidente de um mandato s\u00f3. Os l\u00edderes se fazem trabalhando, no seu compromisso com a popula\u00e7\u00e3o\u201d, disse solenemente no \u2018X\u2019 (ex-Twitter). Lula mentiu. Do tipo que n\u00e3o honra promessas, lan\u00e7ou sua candidatura \u00e0 reelei\u00e7\u00e3o em 2026 semana passada, j\u00e1 no primeiro dia da visita \u00e0 \u00c1sia. <!--more--><\/p>\n<div class=\"notas\">\n<div id=\"Nota-2\" class=\"entry-block ch-nota Nota-2\">\n<h3>Promessa era jogada<\/h3>\n<\/div>\n<p>A poucos dias do segundo turno, em 2022, muitas pesquisas apontavam quadro apertado entre Lula e Bolsonaro, com vit\u00f3rias para os dois lados.<\/p>\n<div id=\"Nota-3\" class=\"entry-block ch-nota Nota-3\">\n<h3>Conv\u00e9m n\u00e3o escrever<\/h3>\n<\/div>\n<p>Lula diz ter \u201cenergia de 30 anos\u201d e anunciou na Indon\u00e9sia, dia 23, que ir\u00e1 \u201cdisputar o quarto mandato\u201d. Mas conv\u00e9m n\u00e3o escrever o que ele afirma.<\/p>\n<div id=\"Nota-4\" class=\"entry-block ch-nota Nota-4\">\n<h3>Sem querer querendo<\/h3>\n<\/div>\n<p>Apenas quatro dias depois do an\u00fancio, o petista chamou de \u201clapso\u201d e \u201cerro\u201d lan\u00e7ar candidatura na Indon\u00e9sia. \u201cEu n\u00e3o tenho voto l\u00e1\u201d.<\/p>\n<div id=\"Nota-5\" class=\"entry-block ch-nota Nota-5\">\n<h3>Inimput\u00e1vel e blindado<\/h3>\n<\/div>\n<p>Apesar do abuso de poder pol\u00edtico para se beneficiar eleitoralmente, Lula n\u00e3o ser\u00e1 incomodado pelos amigos do TSE por campanha antecipada.<\/p>\n<\/div>\n","protected":false},"excerpt":{"rendered":"<p>A cinco dias do 2\u00ba turno da elei\u00e7\u00e3o de 2022, o ent\u00e3o candidato Lula (PT) garantiu com todas as letras e por escrito, que, vencendo a disputa com Jair Bolsonaro (PL), n\u00e3o tentaria a reelei\u00e7\u00e3o. \u201cEu se eleito serei um presidente de um mandato s\u00f3. Os l\u00edderes se fazem trabalhando, no seu compromisso com a [&hellip;]<\/p>\n","protected":false},"author":3,"featured_media":18594,"comment_status":"closed","ping_status":"closed","sticky":false,"template":"","format":"standard","meta":{"_links_to":"","_links_to_target":""},"categories":[1],"tags":[],"_links":{"self":[{"href":"https:\/\/www.correiodascidades.com.br\/v1\/wp-json\/wp\/v2\/posts\/18593"}],"collection":[{"href":"https:\/\/www.correiodascidades.com.br\/v1\/wp-json\/wp\/v2\/posts"}],"about":[{"href":"https:\/\/www.correiodascidades.com.br\/v1\/wp-json\/wp\/v2\/types\/post"}],"author":[{"embeddable":true,"href":"https:\/\/www.correiodascidades.com.br\/v1\/wp-json\/wp\/v2\/users\/3"}],"replies":[{"embeddable":true,"href":"https:\/\/www.correiodascidades.com.br\/v1\/wp-json\/wp\/v2\/comments?post=18593"}],"version-history":[{"count":1,"href":"https:\/\/www.correiodascidades.com.br\/v1\/wp-json\/wp\/v2\/posts\/18593\/revisions"}],"predecessor-version":[{"id":18595,"href":"https:\/\/www.correiodascidades.com.br\/v1\/wp-json\/wp\/v2\/posts\/18593\/revisions\/18595"}],"wp:featuredmedia":[{"embeddable":true,"href":"https:\/\/www.correiodascidades.com.br\/v1\/wp-json\/wp\/v2\/media\/18594"}],"wp:attachment":[{"href":"https:\/\/www.correiodascidades.com.br\/v1\/wp-json\/wp\/v2\/media?parent=18593"}],"wp:term":[{"taxonomy":"category","embeddable":true,"href":"https:\/\/www.correiodascidades.com.br\/v1\/wp-json\/wp\/v2\/categories?post=18593"},{"taxonomy":"post_tag","embeddable":true,"href":"https:\/\/www.correiodascidades.com.br\/v1\/wp-json\/wp\/v2\/tags?post=18593"}],"curies":[{"name":"wp","href":"https:\/\/api.w.org\/{rel}","templated":true}]}}