{"id":18596,"date":"2025-10-31T09:48:03","date_gmt":"2025-10-31T11:48:03","guid":{"rendered":"https:\/\/www.correiodascidades.com.br\/v1\/?p=18596"},"modified":"2025-10-31T09:48:03","modified_gmt":"2025-10-31T11:48:03","slug":"ilheus-acidente-na-manha-desta-sexta-feira-fecha-o-ciclo-da-semana-e-abre-o-final-de-semana","status":"publish","type":"post","link":"https:\/\/www.correiodascidades.com.br\/v1\/2025\/10\/31\/ilheus-acidente-na-manha-desta-sexta-feira-fecha-o-ciclo-da-semana-e-abre-o-final-de-semana\/","title":{"rendered":"Ilh\u00e9us: Acidente na manh\u00e3 desta sexta-feira, fecha o ciclo da semana e abre o final de semana"},"content":{"rendered":"<p><img loading=\"lazy\" class=\"\" src=\"https:\/\/www.correiodascidades.com.br\/v1\/wp-content\/uploads\/2025\/10\/8aefc266-823b-4ad5-9c43-9e1dfa15ba5d.jpeg\" width=\"403\" height=\"206\" \/><\/p>\n<p>O final de semana chegou na cidade, e com ele as demonstra\u00e7\u00f5es de que os acidentes n\u00e3o param. Ao contr\u00e1rio, j\u00e1 estamos abrindo o ciclo de sinistros no tr\u00e2nsito.<!--more--><\/p>\n<p>Na manh\u00e3 desta sexta-feira (31), o primeiro acidente aconteceu na Rodovia Jorge Amado e envolveu dois carros, logo no in\u00edcio da manh\u00e3.<\/p>\n<p>Assim os acidentes n\u00e3o param de acontecer.<\/p>\n","protected":false},"excerpt":{"rendered":"<p>O final de semana chegou na cidade, e com ele as demonstra\u00e7\u00f5es de que os acidentes n\u00e3o param. Ao contr\u00e1rio, j\u00e1 estamos abrindo o ciclo de sinistros no tr\u00e2nsito.<\/p>\n","protected":false},"author":3,"featured_media":18597,"comment_status":"closed","ping_status":"closed","sticky":false,"template":"","format":"standard","meta":{"_links_to":"","_links_to_target":""},"categories":[1],"tags":[],"_links":{"self":[{"href":"https:\/\/www.correiodascidades.com.br\/v1\/wp-json\/wp\/v2\/posts\/18596"}],"collection":[{"href":"https:\/\/www.correiodascidades.com.br\/v1\/wp-json\/wp\/v2\/posts"}],"about":[{"href":"https:\/\/www.correiodascidades.com.br\/v1\/wp-json\/wp\/v2\/types\/post"}],"author":[{"embeddable":true,"href":"https:\/\/www.correiodascidades.com.br\/v1\/wp-json\/wp\/v2\/users\/3"}],"replies":[{"embeddable":true,"href":"https:\/\/www.correiodascidades.com.br\/v1\/wp-json\/wp\/v2\/comments?post=18596"}],"version-history":[{"count":1,"href":"https:\/\/www.correiodascidades.com.br\/v1\/wp-json\/wp\/v2\/posts\/18596\/revisions"}],"predecessor-version":[{"id":18598,"href":"https:\/\/www.correiodascidades.com.br\/v1\/wp-json\/wp\/v2\/posts\/18596\/revisions\/18598"}],"wp:featuredmedia":[{"embeddable":true,"href":"https:\/\/www.correiodascidades.com.br\/v1\/wp-json\/wp\/v2\/media\/18597"}],"wp:attachment":[{"href":"https:\/\/www.correiodascidades.com.br\/v1\/wp-json\/wp\/v2\/media?parent=18596"}],"wp:term":[{"taxonomy":"category","embeddable":true,"href":"https:\/\/www.correiodascidades.com.br\/v1\/wp-json\/wp\/v2\/categories?post=18596"},{"taxonomy":"post_tag","embeddable":true,"href":"https:\/\/www.correiodascidades.com.br\/v1\/wp-json\/wp\/v2\/tags?post=18596"}],"curies":[{"name":"wp","href":"https:\/\/api.w.org\/{rel}","templated":true}]}}