{"id":18614,"date":"2025-11-02T09:50:45","date_gmt":"2025-11-02T11:50:45","guid":{"rendered":"https:\/\/www.correiodascidades.com.br\/v1\/?p=18614"},"modified":"2025-11-03T03:58:27","modified_gmt":"2025-11-03T05:58:27","slug":"ilheus-acidente-na-ilheus-itabuna-com-vitimas-fatais-neste-domingo-pela-manha","status":"publish","type":"post","link":"https:\/\/www.correiodascidades.com.br\/v1\/2025\/11\/02\/ilheus-acidente-na-ilheus-itabuna-com-vitimas-fatais-neste-domingo-pela-manha\/","title":{"rendered":"ILH\u00c9US: Acidente na BA 415 &#8211; com vitimas fatais neste domingo pela manh\u00e3 \/ veja o v\u00eddeo"},"content":{"rendered":"<p>Um grave acidente aconteceu na manh\u00e3 deste domingo (02), na Rodovia Jorge Amado Quil\u00f4metro um &#8211; da pista que d\u00e1 acesso ao Bairro Banco da Vit\u00f3ria, imedia\u00e7\u00f5es do espa\u00e7o Ecobaba.<\/p>\n<p><iframe loading=\"lazy\" title=\"WhatsApp Video 2025 11 02 at 08 30 49\" width=\"422\" height=\"750\" src=\"https:\/\/www.youtube.com\/embed\/8zykoe582oI?feature=oembed\" frameborder=\"0\" allow=\"accelerometer; autoplay; clipboard-write; encrypted-media; gyroscope; picture-in-picture; web-share\" referrerpolicy=\"strict-origin-when-cross-origin\" allowfullscreen><\/iframe><\/p>\n<p>Informa\u00e7\u00f5es chegadas mostram que um \u00f4nibus de Transportes Rodovi\u00e1rio Estadual, teria colidido com um carro de passeio Tipo: Caminhonete, dirigido por Erick Vinicius Caldas Ramos, de 34 anos residente na cidade de Itabuna.<\/p>\n<p>O carro de passeio teria rodado na pista molhada e colidindo com o \u00f4nibus, o condutor foi arremessado para fora do mesmo vindo a morrer no local. As marcas da viol\u00eancia est\u00e3o por todos os lados dando uma no\u00e7\u00e3o do quanto foi grave o ocorrido.\u00a0 Os acidentes tem sido frequente nesta via, dado ao fluxo de ve\u00edculos muito grande.<\/p>\n<p>&nbsp;<\/p>\n","protected":false},"excerpt":{"rendered":"<p>Um grave acidente aconteceu na manh\u00e3 deste domingo (02), na Rodovia Jorge Amado Quil\u00f4metro um &#8211; da pista que d\u00e1 acesso ao Bairro Banco da Vit\u00f3ria, imedia\u00e7\u00f5es do espa\u00e7o Ecobaba. Informa\u00e7\u00f5es chegadas mostram que um \u00f4nibus de Transportes Rodovi\u00e1rio Estadual, teria colidido com um carro de passeio Tipo: Caminhonete, dirigido por Erick Vinicius Caldas Ramos, [&hellip;]<\/p>\n","protected":false},"author":3,"featured_media":18615,"comment_status":"closed","ping_status":"closed","sticky":false,"template":"","format":"standard","meta":{"_links_to":"","_links_to_target":""},"categories":[1],"tags":[],"_links":{"self":[{"href":"https:\/\/www.correiodascidades.com.br\/v1\/wp-json\/wp\/v2\/posts\/18614"}],"collection":[{"href":"https:\/\/www.correiodascidades.com.br\/v1\/wp-json\/wp\/v2\/posts"}],"about":[{"href":"https:\/\/www.correiodascidades.com.br\/v1\/wp-json\/wp\/v2\/types\/post"}],"author":[{"embeddable":true,"href":"https:\/\/www.correiodascidades.com.br\/v1\/wp-json\/wp\/v2\/users\/3"}],"replies":[{"embeddable":true,"href":"https:\/\/www.correiodascidades.com.br\/v1\/wp-json\/wp\/v2\/comments?post=18614"}],"version-history":[{"count":5,"href":"https:\/\/www.correiodascidades.com.br\/v1\/wp-json\/wp\/v2\/posts\/18614\/revisions"}],"predecessor-version":[{"id":18625,"href":"https:\/\/www.correiodascidades.com.br\/v1\/wp-json\/wp\/v2\/posts\/18614\/revisions\/18625"}],"wp:featuredmedia":[{"embeddable":true,"href":"https:\/\/www.correiodascidades.com.br\/v1\/wp-json\/wp\/v2\/media\/18615"}],"wp:attachment":[{"href":"https:\/\/www.correiodascidades.com.br\/v1\/wp-json\/wp\/v2\/media?parent=18614"}],"wp:term":[{"taxonomy":"category","embeddable":true,"href":"https:\/\/www.correiodascidades.com.br\/v1\/wp-json\/wp\/v2\/categories?post=18614"},{"taxonomy":"post_tag","embeddable":true,"href":"https:\/\/www.correiodascidades.com.br\/v1\/wp-json\/wp\/v2\/tags?post=18614"}],"curies":[{"name":"wp","href":"https:\/\/api.w.org\/{rel}","templated":true}]}}