{"id":1871,"date":"2022-12-06T04:07:29","date_gmt":"2022-12-06T07:07:29","guid":{"rendered":"https:\/\/www.correiodascidades.com.br\/v1\/?p=1871"},"modified":"2022-12-06T04:07:29","modified_gmt":"2022-12-06T07:07:29","slug":"ilheus-quilombo-miriqui-e-alto-terra-nova-e-reconhecido-em-brasilia","status":"publish","type":"post","link":"https:\/\/www.correiodascidades.com.br\/v1\/2022\/12\/06\/ilheus-quilombo-miriqui-e-alto-terra-nova-e-reconhecido-em-brasilia\/","title":{"rendered":"ILH\u00c9US: Quilombo Miriqui e Alto Terra Nova \u00e9 reconhecido em Bras\u00edlia."},"content":{"rendered":"<p><img loading=\"lazy\" class=\"\" src=\"https:\/\/www.correiodascidades.com.br\/v1\/wp-content\/uploads\/2022\/12\/transferir-_1_-1.jpeg\" width=\"598\" height=\"398\" \/><\/p>\n<p>A funda\u00e7\u00e3o Cultural Palmares Reconhece a \u00e1rea do Morro do Muriqui e Alto Terra Nova como terras de quilombolas e remanescentes.<\/p>\n<p>O documento enviado a entidade faz cumprir a lei de 22 de Agosto de 1988, cujo documento segue assim; <!--more--><\/p>\n<p>FUNDA\u00c7\u00c3O CULTURAL PALMARES Setor Comercial Sul &#8211; SCS, Quadra 02, Bloco C, n\u00ba 256 &#8211; Edif\u00edcio Toufic, &#8211; Bairro Asa Sul, Bras\u00edlia\/DF, CEP 70302-000 Telefone: (61) 3424-0100 e Fax: @fax_unidade@ &#8211; http:\/\/www.palmares.gov.br Criada pela Lei n.\u00ba 7.668 de 22 de agosto de 1988 Departamento de Prote\u00e7\u00e3o ao Patrim\u00f4nio Afro-Brasileiro CERTID\u00c3O DE AUTODEFINI\u00c7\u00c3O N\u00ba 0071278\/2019\/COPAB\/DPA\/PR O Presidente da Funda\u00e7\u00e3o Cultural Palmares, no uso de suas atribui\u00e7\u00f5es legais conferidas pelo art. 1\u00ba da Lei n.\u00ba 7.668 de 22 de Agosto de 1988, art. 2\u00ba, \u00a7\u00a7 1\u00ba e 2\u00ba, art. 3\u00ba, \u00a7 4\u00ba do Decreto n.\u00ba 4.887 de 20 de novembro de 2003, que regulamenta o procedimento para identifica\u00e7\u00e3o, reconhecimento, delimita\u00e7\u00e3o, demarca\u00e7\u00e3o e titula\u00e7\u00e3o das terras ocupadas por remanescentes das comunidades dos quilombos de que trata o art. 68 do Ato das Disposi\u00e7\u00f5es Constitucionais Transit\u00f3rias e artigo 216, I a V, \u00a7\u00a7 1\u00ba e 5\u00ba da Constitui\u00e7\u00e3o Federal de 1988, Conven\u00e7\u00e3o n\u00ba 169, ratificada pelo Decreto n.\u00ba 5.051, de 19 de abril de 2004 e nos termos do processo administrativo desta Funda\u00e7\u00e3o n.\u00ba 01420.101947\/2018-96 CERTIFICA que a COMUNIDADES MORRO DO MIRIQUI E ALTO TERRA NOVA, localizada no munic\u00edpio de Ilh\u00e9us\/BA, registrada no Livro de Cadastro Geral n.\u00ba 019, Registro n.\u00ba 2.760, fl. 182, nos termos do Decreto supramencionado e da Portaria Interna da FCP n.\u00ba 98, de 26 de novembro de 2007, publicada no Di\u00e1rio Oficial da Uni\u00e3o n.\u00ba 228 de 28 de novembro de 2007, Se\u00e7\u00e3o 1, f. 29, SE AUTODEFINE COMO REMANESCENTE DOS QUILOMBOS. O referido \u00e9 verdade e dou f\u00e9. Documento assinado eletronicamente por Leonardo Gomes Santa<\/p>\n<p>&nbsp;<\/p>\n<p>&nbsp;<\/p>\n","protected":false},"excerpt":{"rendered":"<p>A funda\u00e7\u00e3o Cultural Palmares Reconhece a \u00e1rea do Morro do Muriqui e Alto Terra Nova como terras de quilombolas e remanescentes. O documento enviado a entidade faz cumprir a lei de 22 de Agosto de 1988, cujo documento segue assim;<\/p>\n","protected":false},"author":3,"featured_media":1872,"comment_status":"closed","ping_status":"closed","sticky":false,"template":"","format":"standard","meta":{"_links_to":"","_links_to_target":""},"categories":[2],"tags":[],"_links":{"self":[{"href":"https:\/\/www.correiodascidades.com.br\/v1\/wp-json\/wp\/v2\/posts\/1871"}],"collection":[{"href":"https:\/\/www.correiodascidades.com.br\/v1\/wp-json\/wp\/v2\/posts"}],"about":[{"href":"https:\/\/www.correiodascidades.com.br\/v1\/wp-json\/wp\/v2\/types\/post"}],"author":[{"embeddable":true,"href":"https:\/\/www.correiodascidades.com.br\/v1\/wp-json\/wp\/v2\/users\/3"}],"replies":[{"embeddable":true,"href":"https:\/\/www.correiodascidades.com.br\/v1\/wp-json\/wp\/v2\/comments?post=1871"}],"version-history":[{"count":1,"href":"https:\/\/www.correiodascidades.com.br\/v1\/wp-json\/wp\/v2\/posts\/1871\/revisions"}],"predecessor-version":[{"id":1873,"href":"https:\/\/www.correiodascidades.com.br\/v1\/wp-json\/wp\/v2\/posts\/1871\/revisions\/1873"}],"wp:featuredmedia":[{"embeddable":true,"href":"https:\/\/www.correiodascidades.com.br\/v1\/wp-json\/wp\/v2\/media\/1872"}],"wp:attachment":[{"href":"https:\/\/www.correiodascidades.com.br\/v1\/wp-json\/wp\/v2\/media?parent=1871"}],"wp:term":[{"taxonomy":"category","embeddable":true,"href":"https:\/\/www.correiodascidades.com.br\/v1\/wp-json\/wp\/v2\/categories?post=1871"},{"taxonomy":"post_tag","embeddable":true,"href":"https:\/\/www.correiodascidades.com.br\/v1\/wp-json\/wp\/v2\/tags?post=1871"}],"curies":[{"name":"wp","href":"https:\/\/api.w.org\/{rel}","templated":true}]}}