{"id":1878,"date":"2022-12-06T13:59:18","date_gmt":"2022-12-06T16:59:18","guid":{"rendered":"https:\/\/www.correiodascidades.com.br\/v1\/?p=1878"},"modified":"2022-12-06T14:00:24","modified_gmt":"2022-12-06T17:00:24","slug":"ilheus-escola-construida-pelo-governo-do-estado-no-centro-social-urbano-pode-se-chamar-escola-professor-manoel-renato-de-souza","status":"publish","type":"post","link":"https:\/\/www.correiodascidades.com.br\/v1\/2022\/12\/06\/ilheus-escola-construida-pelo-governo-do-estado-no-centro-social-urbano-pode-se-chamar-escola-professor-manoel-renato-de-souza\/","title":{"rendered":"ILH\u00c9US: Escola constru\u00edda pelo governo do Estado no Centro Social Urbano pode se chamar Escola Professor Manoel Renato de Souza"},"content":{"rendered":"<p><img loading=\"lazy\" class=\"\" src=\"https:\/\/www.correiodascidades.com.br\/v1\/wp-content\/uploads\/2022\/12\/professor-renato-e1670345927784.jpg\" width=\"593\" height=\"275\" \/><\/p>\n<p>Uma justa homenagem ao homem que por ali dedicou sua vida ha d\u00e9cadas. Professore Renato, foi um dos maiores ministradores do esporte na zona norte da cidade e no centro social nos idos de oitenta ele conviveu por longos anos na localidade sendo um dos mestres que trabalhou pela pr\u00e1tica esportiva dedicando sua vida a proje\u00e7\u00e3o de v\u00e1rios jovens.<!--more--><\/p>\n<p>A Deputada eleita pelo PSD Soane Galv\u00e3o estar\u00e1 fazendo indica\u00e7\u00e3o ao governo do estado para a justa homenagem. Professor Manoel Renato de Souza, faleceu aos 82 anos de idade, e teve uma vida dedicada ao esporte naquela localidade\u00a0 entre outros cantos da cidade. Ele tamb\u00e9m atuou na educa\u00e7\u00e3o do municipio.<\/p>\n<p>&nbsp;<\/p>\n","protected":false},"excerpt":{"rendered":"<p>Uma justa homenagem ao homem que por ali dedicou sua vida ha d\u00e9cadas. Professore Renato, foi um dos maiores ministradores do esporte na zona norte da cidade e no centro social nos idos de oitenta ele conviveu por longos anos na localidade sendo um dos mestres que trabalhou pela pr\u00e1tica esportiva dedicando sua vida a [&hellip;]<\/p>\n","protected":false},"author":3,"featured_media":1879,"comment_status":"closed","ping_status":"closed","sticky":false,"template":"","format":"standard","meta":{"_links_to":"","_links_to_target":""},"categories":[2],"tags":[],"_links":{"self":[{"href":"https:\/\/www.correiodascidades.com.br\/v1\/wp-json\/wp\/v2\/posts\/1878"}],"collection":[{"href":"https:\/\/www.correiodascidades.com.br\/v1\/wp-json\/wp\/v2\/posts"}],"about":[{"href":"https:\/\/www.correiodascidades.com.br\/v1\/wp-json\/wp\/v2\/types\/post"}],"author":[{"embeddable":true,"href":"https:\/\/www.correiodascidades.com.br\/v1\/wp-json\/wp\/v2\/users\/3"}],"replies":[{"embeddable":true,"href":"https:\/\/www.correiodascidades.com.br\/v1\/wp-json\/wp\/v2\/comments?post=1878"}],"version-history":[{"count":2,"href":"https:\/\/www.correiodascidades.com.br\/v1\/wp-json\/wp\/v2\/posts\/1878\/revisions"}],"predecessor-version":[{"id":1881,"href":"https:\/\/www.correiodascidades.com.br\/v1\/wp-json\/wp\/v2\/posts\/1878\/revisions\/1881"}],"wp:featuredmedia":[{"embeddable":true,"href":"https:\/\/www.correiodascidades.com.br\/v1\/wp-json\/wp\/v2\/media\/1879"}],"wp:attachment":[{"href":"https:\/\/www.correiodascidades.com.br\/v1\/wp-json\/wp\/v2\/media?parent=1878"}],"wp:term":[{"taxonomy":"category","embeddable":true,"href":"https:\/\/www.correiodascidades.com.br\/v1\/wp-json\/wp\/v2\/categories?post=1878"},{"taxonomy":"post_tag","embeddable":true,"href":"https:\/\/www.correiodascidades.com.br\/v1\/wp-json\/wp\/v2\/tags?post=1878"}],"curies":[{"name":"wp","href":"https:\/\/api.w.org\/{rel}","templated":true}]}}