{"id":1912,"date":"2022-12-09T01:33:08","date_gmt":"2022-12-09T04:33:08","guid":{"rendered":"https:\/\/www.correiodascidades.com.br\/v1\/?p=1912"},"modified":"2022-12-09T01:47:51","modified_gmt":"2022-12-09T04:47:51","slug":"ilheus-o-vereador-augustao-alerta-a-populacao-para-os-horarios-especiais-de-onibus","status":"publish","type":"post","link":"https:\/\/www.correiodascidades.com.br\/v1\/2022\/12\/09\/ilheus-o-vereador-augustao-alerta-a-populacao-para-os-horarios-especiais-de-onibus\/","title":{"rendered":"ILH\u00c9US: O vereador\u00a0 August\u00e3o alerta a popula\u00e7\u00e3o para os hor\u00e1rios especiais de \u00f4nibus"},"content":{"rendered":"<p><img loading=\"lazy\" class=\"\" src=\"https:\/\/www.correiodascidades.com.br\/v1\/wp-content\/uploads\/2022\/12\/transferir-1.jpeg\" width=\"608\" height=\"357\" \/><\/p>\n<p>Carlos Augusto \u00a0\u201cAugust\u00e3o\u201d\u00a0 no uso de suas atribui\u00e7\u00f5es discursando na C\u00e2mara de Vereadores nesta quarta-feira (08) chamou aten\u00e7\u00e3o da popula\u00e7\u00e3o no que diz respeito aos hor\u00e1rios de \u00f4nibus que circulam na cidade nos dias de jogo da copa do mundo.<!--more--><\/p>\n<p>August\u00e3o se baseou em uma fala do Diretor da Autarquia de Transito Valci Cerpa, que disse que a Secretaria de Transporte tem hor\u00e1rios especiais de rodar nos dias de jogo.<\/p>\n<p>Esses hor\u00e1rio diz respeito a aus\u00eancia de carros justamente no momento em que est\u00e1 acontecendo os jogos, segundo August\u00e3o isso tem complicado a vida das pessoas que moram nos distritos e precisam voltar para suas casas dentro de seus hor\u00e1rios.<\/p>\n<p>August\u00e3o disse que a popula\u00e7\u00e3o dos distritos fica ilhada na sede da cidade toda vez que tem partidas envolvendo a Sele\u00e7\u00e3o Brasileira.<\/p>\n<p>August\u00e3o perguntou se algu\u00e9m sabia qual os hor\u00e1rios que teria \u00f4nibus para os distritos nesta sexta feira de meio dia para tarde no momento do jogo?<\/p>\n<p>Para o Vereador s\u00f3 resta a popula\u00e7\u00e3o ficar em suas localidades, mesmo sabendo que \u00e9 final de semana e muitos deles precisam vir at\u00e9 a sede.<\/p>\n<p>Parte destas pessoas comercializam produtos na feira, nas praias nos finais de semana, outros precisam vir ao m\u00e9dico dentro de suas agendas e est\u00e3o sendo prejudicadas.<\/p>\n<p>O Vereador disse que acredita na sensibilidade do chefe da autarquia e acredita que o mesmo possa mudar esses hor\u00e1rios denominados de especiais que est\u00e1 prejudicando por muito a popula\u00e7\u00e3o.<\/p>\n","protected":false},"excerpt":{"rendered":"<p>Carlos Augusto \u00a0\u201cAugust\u00e3o\u201d\u00a0 no uso de suas atribui\u00e7\u00f5es discursando na C\u00e2mara de Vereadores nesta quarta-feira (08) chamou aten\u00e7\u00e3o da popula\u00e7\u00e3o no que diz respeito aos hor\u00e1rios de \u00f4nibus que circulam na cidade nos dias de jogo da copa do mundo.<\/p>\n","protected":false},"author":3,"featured_media":1913,"comment_status":"closed","ping_status":"closed","sticky":false,"template":"","format":"standard","meta":{"_links_to":"","_links_to_target":""},"categories":[2],"tags":[],"_links":{"self":[{"href":"https:\/\/www.correiodascidades.com.br\/v1\/wp-json\/wp\/v2\/posts\/1912"}],"collection":[{"href":"https:\/\/www.correiodascidades.com.br\/v1\/wp-json\/wp\/v2\/posts"}],"about":[{"href":"https:\/\/www.correiodascidades.com.br\/v1\/wp-json\/wp\/v2\/types\/post"}],"author":[{"embeddable":true,"href":"https:\/\/www.correiodascidades.com.br\/v1\/wp-json\/wp\/v2\/users\/3"}],"replies":[{"embeddable":true,"href":"https:\/\/www.correiodascidades.com.br\/v1\/wp-json\/wp\/v2\/comments?post=1912"}],"version-history":[{"count":3,"href":"https:\/\/www.correiodascidades.com.br\/v1\/wp-json\/wp\/v2\/posts\/1912\/revisions"}],"predecessor-version":[{"id":1916,"href":"https:\/\/www.correiodascidades.com.br\/v1\/wp-json\/wp\/v2\/posts\/1912\/revisions\/1916"}],"wp:featuredmedia":[{"embeddable":true,"href":"https:\/\/www.correiodascidades.com.br\/v1\/wp-json\/wp\/v2\/media\/1913"}],"wp:attachment":[{"href":"https:\/\/www.correiodascidades.com.br\/v1\/wp-json\/wp\/v2\/media?parent=1912"}],"wp:term":[{"taxonomy":"category","embeddable":true,"href":"https:\/\/www.correiodascidades.com.br\/v1\/wp-json\/wp\/v2\/categories?post=1912"},{"taxonomy":"post_tag","embeddable":true,"href":"https:\/\/www.correiodascidades.com.br\/v1\/wp-json\/wp\/v2\/tags?post=1912"}],"curies":[{"name":"wp","href":"https:\/\/api.w.org\/{rel}","templated":true}]}}