{"id":19162,"date":"2025-12-02T08:08:31","date_gmt":"2025-12-02T10:08:31","guid":{"rendered":"https:\/\/www.correiodascidades.com.br\/v1\/?p=19162"},"modified":"2025-12-02T08:08:31","modified_gmt":"2025-12-02T10:08:31","slug":"prefeita-de-ribeira-do-amparo-deixa-acm-neto-e-vai-para-jeronimo","status":"publish","type":"post","link":"https:\/\/www.correiodascidades.com.br\/v1\/2025\/12\/02\/prefeita-de-ribeira-do-amparo-deixa-acm-neto-e-vai-para-jeronimo\/","title":{"rendered":"Prefeita de Ribeira do Amparo deixa ACM Neto e vai para Jer\u00f4nimo"},"content":{"rendered":"<p><img loading=\"lazy\" class=\"\" src=\"https:\/\/www.correiodascidades.com.br\/v1\/wp-content\/uploads\/2025\/12\/IMG-20251130-WA0734.jpg\" width=\"518\" height=\"325\" \/><\/p>\n<p><span class=\"dropcap \">A<\/span>prefeita de Ribeira do Amparo, Teti Brito (MDB), anunciou neste seu apoio ao governador Jer\u00f4nimo Rodrigues durante evento na Pra\u00e7a Frei Serafim Amparo, completamente lotada. O gesto consolida a ades\u00e3o de mais uma lideran\u00e7a que, na elei\u00e7\u00e3o passada, esteve com ACM Neto. <!--more--><\/p>\n<p>Esposa do ex-prefeito Marcelo Brito, Teti j\u00e1 havia sinalizado aproxima\u00e7\u00e3o com Jer\u00f4nimo em reuni\u00e3o no COI, em setembro, quando elogiou a atua\u00e7\u00e3o do governo estadual.<\/p>\n<p>Agora, diante da popula\u00e7\u00e3o, Teti oficializou a mudan\u00e7a pol\u00edtica: declarou apoio ao projeto do governador da Bahia e afirmou que estar\u00e1 \u201cpara levantar sua bandeira e seu nome\u201d, refor\u00e7ando a amplia\u00e7\u00e3o da base aliada.<\/p>\n<p>Figura influente da pol\u00edtica local, Teti retoma protagonismo ao lado de seu grupo, que volta ao centro das decis\u00f5es no munic\u00edpio. Durante o an\u00fancio do apoio, ela fez quest\u00e3o de destacar que a humildade de Jer\u00f4nimo a encantou.<\/p>\n","protected":false},"excerpt":{"rendered":"<p>Aprefeita de Ribeira do Amparo, Teti Brito (MDB), anunciou neste seu apoio ao governador Jer\u00f4nimo Rodrigues durante evento na Pra\u00e7a Frei Serafim Amparo, completamente lotada. O gesto consolida a ades\u00e3o de mais uma lideran\u00e7a que, na elei\u00e7\u00e3o passada, esteve com ACM Neto.<\/p>\n","protected":false},"author":3,"featured_media":19163,"comment_status":"closed","ping_status":"closed","sticky":false,"template":"","format":"standard","meta":{"_links_to":"","_links_to_target":""},"categories":[1],"tags":[],"_links":{"self":[{"href":"https:\/\/www.correiodascidades.com.br\/v1\/wp-json\/wp\/v2\/posts\/19162"}],"collection":[{"href":"https:\/\/www.correiodascidades.com.br\/v1\/wp-json\/wp\/v2\/posts"}],"about":[{"href":"https:\/\/www.correiodascidades.com.br\/v1\/wp-json\/wp\/v2\/types\/post"}],"author":[{"embeddable":true,"href":"https:\/\/www.correiodascidades.com.br\/v1\/wp-json\/wp\/v2\/users\/3"}],"replies":[{"embeddable":true,"href":"https:\/\/www.correiodascidades.com.br\/v1\/wp-json\/wp\/v2\/comments?post=19162"}],"version-history":[{"count":1,"href":"https:\/\/www.correiodascidades.com.br\/v1\/wp-json\/wp\/v2\/posts\/19162\/revisions"}],"predecessor-version":[{"id":19164,"href":"https:\/\/www.correiodascidades.com.br\/v1\/wp-json\/wp\/v2\/posts\/19162\/revisions\/19164"}],"wp:featuredmedia":[{"embeddable":true,"href":"https:\/\/www.correiodascidades.com.br\/v1\/wp-json\/wp\/v2\/media\/19163"}],"wp:attachment":[{"href":"https:\/\/www.correiodascidades.com.br\/v1\/wp-json\/wp\/v2\/media?parent=19162"}],"wp:term":[{"taxonomy":"category","embeddable":true,"href":"https:\/\/www.correiodascidades.com.br\/v1\/wp-json\/wp\/v2\/categories?post=19162"},{"taxonomy":"post_tag","embeddable":true,"href":"https:\/\/www.correiodascidades.com.br\/v1\/wp-json\/wp\/v2\/tags?post=19162"}],"curies":[{"name":"wp","href":"https:\/\/api.w.org\/{rel}","templated":true}]}}