{"id":1926,"date":"2022-12-09T02:18:55","date_gmt":"2022-12-09T05:18:55","guid":{"rendered":"https:\/\/www.correiodascidades.com.br\/v1\/?p=1926"},"modified":"2022-12-09T02:18:55","modified_gmt":"2022-12-09T05:18:55","slug":"prefeito-de-cruz-das-almas-e-secretario-se-envolvem-em-engavetamento-na-br-101","status":"publish","type":"post","link":"https:\/\/www.correiodascidades.com.br\/v1\/2022\/12\/09\/prefeito-de-cruz-das-almas-e-secretario-se-envolvem-em-engavetamento-na-br-101\/","title":{"rendered":"Prefeito de Cruz das Almas e secret\u00e1rio se envolvem em engavetamento na BR-101"},"content":{"rendered":"<p><img loading=\"lazy\" class=\"\" src=\"https:\/\/www.correiodascidades.com.br\/v1\/wp-content\/uploads\/2022\/12\/transferir-1-1.jpeg\" width=\"599\" height=\"319\" \/><\/p>\n<p>Um engavetamento, envolvendo v\u00e1rios ve\u00edculos, foi registrado na tarde desta quinta-feira (8), na BR-101, trecho do munic\u00edpio de S\u00e3o Gon\u00e7alo. O acidente interditou parte da rodovia.Em um dos ve\u00edculos \u2013 um Toyota SW4 \u2013 viajava o prefeito de\u00a0<a href=\"https:\/\/midiabahia.com.br\/cruz-das-almas-possui-167-casos-ativos-da-covid-19\/\">Cruz das Almas<\/a>, Ednaldo Ribeiro, o secret\u00e1rio de Planejamento do munic\u00edpio, Euricles Neto, e o motorista Nailson Silva. Ainda de acordo com informa\u00e7\u00f5es, todos os ocupantes do autom\u00f3vel est\u00e3o bem. As informa\u00e7\u00f5es s\u00e3o do Revista Rec\u00f4ncavo<\/p>\n<div class=\"teads-inread teads-display sm-screen\">\n<div>\n<div class=\"teads-ui-components-adchoices\"><\/div>\n<\/div>\n<\/div>\n","protected":false},"excerpt":{"rendered":"<p>Um engavetamento, envolvendo v\u00e1rios ve\u00edculos, foi registrado na tarde desta quinta-feira (8), na BR-101, trecho do munic\u00edpio de S\u00e3o Gon\u00e7alo. O acidente interditou parte da rodovia.Em um dos ve\u00edculos \u2013 um Toyota SW4 \u2013 viajava o prefeito de\u00a0Cruz das Almas, Ednaldo Ribeiro, o secret\u00e1rio de Planejamento do munic\u00edpio, Euricles Neto, e o motorista Nailson Silva. [&hellip;]<\/p>\n","protected":false},"author":3,"featured_media":1927,"comment_status":"closed","ping_status":"closed","sticky":false,"template":"","format":"standard","meta":{"_links_to":"","_links_to_target":""},"categories":[2],"tags":[],"_links":{"self":[{"href":"https:\/\/www.correiodascidades.com.br\/v1\/wp-json\/wp\/v2\/posts\/1926"}],"collection":[{"href":"https:\/\/www.correiodascidades.com.br\/v1\/wp-json\/wp\/v2\/posts"}],"about":[{"href":"https:\/\/www.correiodascidades.com.br\/v1\/wp-json\/wp\/v2\/types\/post"}],"author":[{"embeddable":true,"href":"https:\/\/www.correiodascidades.com.br\/v1\/wp-json\/wp\/v2\/users\/3"}],"replies":[{"embeddable":true,"href":"https:\/\/www.correiodascidades.com.br\/v1\/wp-json\/wp\/v2\/comments?post=1926"}],"version-history":[{"count":1,"href":"https:\/\/www.correiodascidades.com.br\/v1\/wp-json\/wp\/v2\/posts\/1926\/revisions"}],"predecessor-version":[{"id":1928,"href":"https:\/\/www.correiodascidades.com.br\/v1\/wp-json\/wp\/v2\/posts\/1926\/revisions\/1928"}],"wp:featuredmedia":[{"embeddable":true,"href":"https:\/\/www.correiodascidades.com.br\/v1\/wp-json\/wp\/v2\/media\/1927"}],"wp:attachment":[{"href":"https:\/\/www.correiodascidades.com.br\/v1\/wp-json\/wp\/v2\/media?parent=1926"}],"wp:term":[{"taxonomy":"category","embeddable":true,"href":"https:\/\/www.correiodascidades.com.br\/v1\/wp-json\/wp\/v2\/categories?post=1926"},{"taxonomy":"post_tag","embeddable":true,"href":"https:\/\/www.correiodascidades.com.br\/v1\/wp-json\/wp\/v2\/tags?post=1926"}],"curies":[{"name":"wp","href":"https:\/\/api.w.org\/{rel}","templated":true}]}}