{"id":1929,"date":"2022-12-09T09:06:02","date_gmt":"2022-12-09T12:06:02","guid":{"rendered":"https:\/\/www.correiodascidades.com.br\/v1\/?p=1929"},"modified":"2022-12-09T09:09:39","modified_gmt":"2022-12-09T12:09:39","slug":"prefeito-de-cruz-das-almas-sofrem-acidente-na-br-101","status":"publish","type":"post","link":"https:\/\/www.correiodascidades.com.br\/v1\/2022\/12\/09\/prefeito-de-cruz-das-almas-sofrem-acidente-na-br-101\/","title":{"rendered":"Prefeito de Cruz das Almas sofre acidente na BR-101"},"content":{"rendered":"<div class=\"sc-b7ed817b-0 cXHeGp\">\n<div class=\"sc-b7ed817b-2 jPITXs\">\n<p><img loading=\"lazy\" class=\"alignnone size-full wp-image-1930\" src=\"https:\/\/www.correiodascidades.com.br\/v1\/wp-content\/uploads\/2022\/12\/acidente-cruz.jpg\" alt=\"\" width=\"613\" height=\"384\" srcset=\"https:\/\/www.correiodascidades.com.br\/v1\/wp-content\/uploads\/2022\/12\/acidente-cruz.jpg 613w, https:\/\/www.correiodascidades.com.br\/v1\/wp-content\/uploads\/2022\/12\/acidente-cruz-300x188.jpg 300w, https:\/\/www.correiodascidades.com.br\/v1\/wp-content\/uploads\/2022\/12\/acidente-cruz-600x376.jpg 600w\" sizes=\"(max-width: 613px) 100vw, 613px\" \/><\/p>\n<p>O prefeito de Cruz das Almas, Ednaldo Ribeiro, o Secret\u00e1rio de Planejamento do munic\u00edpio, Euricles Neto, e o motorista Nailson Silva, sofreram um acidente na BR-101, trecho de S\u00e3o Gon\u00e7alo dos Campos, na tarde desta segunda-feira (8).<\/p>\n<\/div>\n<\/div>\n<p><!--more--><\/p>\n<div class=\"sc-b7ed817b-0 cXHeGp\">\n<div class=\"sc-b7ed817b-2 jPITXs\">\n<p>Os tr\u00eas retornavam de Salvador quando o ve\u00edculo colidiu. O carro ficou envolvido em um engavetamento, que chegou a provocar interrup\u00e7\u00e3o do tr\u00e1fego nos dois sentidos da via.<\/p>\n<p>De acordo com as informa\u00e7\u00f5es, n\u00e3o houve feridos, apenas danos materiais. A causa do acidente \u00e9 investigada pela Pol\u00edcia Rodovi\u00e1ria Federal (PRF).<\/p>\n<p>Informa\u00e7\u00f5es: A Bronca<\/p>\n<\/div>\n<\/div>\n","protected":false},"excerpt":{"rendered":"<p>O prefeito de Cruz das Almas, Ednaldo Ribeiro, o Secret\u00e1rio de Planejamento do munic\u00edpio, Euricles Neto, e o motorista Nailson Silva, sofreram um acidente na BR-101, trecho de S\u00e3o Gon\u00e7alo dos Campos, na tarde desta segunda-feira (8).<\/p>\n","protected":false},"author":3,"featured_media":1930,"comment_status":"closed","ping_status":"closed","sticky":false,"template":"","format":"standard","meta":{"_links_to":"","_links_to_target":""},"categories":[11],"tags":[],"_links":{"self":[{"href":"https:\/\/www.correiodascidades.com.br\/v1\/wp-json\/wp\/v2\/posts\/1929"}],"collection":[{"href":"https:\/\/www.correiodascidades.com.br\/v1\/wp-json\/wp\/v2\/posts"}],"about":[{"href":"https:\/\/www.correiodascidades.com.br\/v1\/wp-json\/wp\/v2\/types\/post"}],"author":[{"embeddable":true,"href":"https:\/\/www.correiodascidades.com.br\/v1\/wp-json\/wp\/v2\/users\/3"}],"replies":[{"embeddable":true,"href":"https:\/\/www.correiodascidades.com.br\/v1\/wp-json\/wp\/v2\/comments?post=1929"}],"version-history":[{"count":3,"href":"https:\/\/www.correiodascidades.com.br\/v1\/wp-json\/wp\/v2\/posts\/1929\/revisions"}],"predecessor-version":[{"id":1933,"href":"https:\/\/www.correiodascidades.com.br\/v1\/wp-json\/wp\/v2\/posts\/1929\/revisions\/1933"}],"wp:featuredmedia":[{"embeddable":true,"href":"https:\/\/www.correiodascidades.com.br\/v1\/wp-json\/wp\/v2\/media\/1930"}],"wp:attachment":[{"href":"https:\/\/www.correiodascidades.com.br\/v1\/wp-json\/wp\/v2\/media?parent=1929"}],"wp:term":[{"taxonomy":"category","embeddable":true,"href":"https:\/\/www.correiodascidades.com.br\/v1\/wp-json\/wp\/v2\/categories?post=1929"},{"taxonomy":"post_tag","embeddable":true,"href":"https:\/\/www.correiodascidades.com.br\/v1\/wp-json\/wp\/v2\/tags?post=1929"}],"curies":[{"name":"wp","href":"https:\/\/api.w.org\/{rel}","templated":true}]}}