{"id":1934,"date":"2022-12-09T11:45:01","date_gmt":"2022-12-09T14:45:01","guid":{"rendered":"https:\/\/www.correiodascidades.com.br\/v1\/?p=1934"},"modified":"2022-12-09T11:45:01","modified_gmt":"2022-12-09T14:45:01","slug":"lula-anuncia-rui-costa-como-futuro-ministro","status":"publish","type":"post","link":"https:\/\/www.correiodascidades.com.br\/v1\/2022\/12\/09\/lula-anuncia-rui-costa-como-futuro-ministro\/","title":{"rendered":"Lula anuncia Rui Costa como futuro ministro"},"content":{"rendered":"<p><img loading=\"lazy\" class=\"alignnone size-full wp-image-1935\" src=\"https:\/\/www.correiodascidades.com.br\/v1\/wp-content\/uploads\/2022\/12\/whatsapp-image-2022-11-22-at-06.55.45.jpeg\" alt=\"\" width=\"600\" height=\"325\" srcset=\"https:\/\/www.correiodascidades.com.br\/v1\/wp-content\/uploads\/2022\/12\/whatsapp-image-2022-11-22-at-06.55.45.jpeg 600w, https:\/\/www.correiodascidades.com.br\/v1\/wp-content\/uploads\/2022\/12\/whatsapp-image-2022-11-22-at-06.55.45-300x163.jpeg 300w\" sizes=\"(max-width: 600px) 100vw, 600px\" \/><\/p>\n<h4><strong>Filiado ao PT, pol\u00edtico governou a Bahia por oito anos. Casa Civil \u00e9 uma das pastas que funcionam no Planalto<\/strong>.<\/h4>\n<p>O presidente eleito Luiz In\u00e1cio Lula da Silva (PT) anunciou nesta sexta-feira (9) que ter\u00e1 como ministro-chefe da Casa Civil o atual governador da Bahia, Rui Costa (PT). Lula toma posse em 1\u00ba de janeiro de 2023.<!--more--><\/p>\n<p>Rui Costa encerra neste m\u00eas os oito anos \u00e0 frente do governo baiano. Ele ser\u00e1 sucedido por Jer\u00f4nimo Rodrigues (PT) na fun\u00e7\u00e3o.<\/p>\n<p>Na Casa Civil, o pol\u00edtico ser\u00e1 um dos ministros que despachar\u00e3o dentro do Pal\u00e1cio do Planalto. A Casa Civil funciona como uma esp\u00e9cie de centro administrativo do governo federal, respons\u00e1vel por articular a execu\u00e7\u00e3o das pol\u00edticas p\u00fablicas pelos demais minist\u00e9rios.<\/p>\n<p>O cargo costuma ser ocupado por um pol\u00edtico de confian\u00e7a do presidente da Rep\u00fablica. Lula, por exemplo, teve a ex-presidente Dilma Rousseff como chefe da Casa Civil. A atua\u00e7\u00e3o de Dilma na pasta a qualificou para ser a indicada do PT \u00e0 sucess\u00e3o de Lula.<\/p>\n<p><strong>Perfil<\/strong><\/p>\n<p>Economista e natural de Salvador (BA), Rui Costa se formou em economia pela Universidade Federal da Bahia (UFBA).<\/p>\n<p>Iniciou sua trajet\u00f3ria pol\u00edtica, com atua\u00e7\u00e3o no movimento sindical, no Polo Petroqu\u00edmico de Cama\u00e7ari, na d\u00e9cada de 1980. Rui Costa foi vereador em Salvador e ganhou destaque como secret\u00e1rio estadual durante a gest\u00e3o de Jaques Wagner (2007-2014) do estado da Bahia.<\/p>\n<p>O pol\u00edtico foi secret\u00e1rio de Rela\u00e7\u00f5es Institucionais, elegeu-se deputado federal e, depois, assumiu a Casa Civil do governo de Jaques Wagner, que o indicou para concorrer ao governo da Bahia.<\/p>\n<p>Rui Costa foi eleito governador da Bahia em 2014 e em 2018.<\/p>\n<p>Fonte: G1<\/p>\n","protected":false},"excerpt":{"rendered":"<p>Filiado ao PT, pol\u00edtico governou a Bahia por oito anos. Casa Civil \u00e9 uma das pastas que funcionam no Planalto. O presidente eleito Luiz In\u00e1cio Lula da Silva (PT) anunciou nesta sexta-feira (9) que ter\u00e1 como ministro-chefe da Casa Civil o atual governador da Bahia, Rui Costa (PT). Lula toma posse em 1\u00ba de janeiro [&hellip;]<\/p>\n","protected":false},"author":3,"featured_media":1935,"comment_status":"closed","ping_status":"closed","sticky":false,"template":"","format":"standard","meta":{"_links_to":"","_links_to_target":""},"categories":[11,9],"tags":[],"_links":{"self":[{"href":"https:\/\/www.correiodascidades.com.br\/v1\/wp-json\/wp\/v2\/posts\/1934"}],"collection":[{"href":"https:\/\/www.correiodascidades.com.br\/v1\/wp-json\/wp\/v2\/posts"}],"about":[{"href":"https:\/\/www.correiodascidades.com.br\/v1\/wp-json\/wp\/v2\/types\/post"}],"author":[{"embeddable":true,"href":"https:\/\/www.correiodascidades.com.br\/v1\/wp-json\/wp\/v2\/users\/3"}],"replies":[{"embeddable":true,"href":"https:\/\/www.correiodascidades.com.br\/v1\/wp-json\/wp\/v2\/comments?post=1934"}],"version-history":[{"count":1,"href":"https:\/\/www.correiodascidades.com.br\/v1\/wp-json\/wp\/v2\/posts\/1934\/revisions"}],"predecessor-version":[{"id":1936,"href":"https:\/\/www.correiodascidades.com.br\/v1\/wp-json\/wp\/v2\/posts\/1934\/revisions\/1936"}],"wp:featuredmedia":[{"embeddable":true,"href":"https:\/\/www.correiodascidades.com.br\/v1\/wp-json\/wp\/v2\/media\/1935"}],"wp:attachment":[{"href":"https:\/\/www.correiodascidades.com.br\/v1\/wp-json\/wp\/v2\/media?parent=1934"}],"wp:term":[{"taxonomy":"category","embeddable":true,"href":"https:\/\/www.correiodascidades.com.br\/v1\/wp-json\/wp\/v2\/categories?post=1934"},{"taxonomy":"post_tag","embeddable":true,"href":"https:\/\/www.correiodascidades.com.br\/v1\/wp-json\/wp\/v2\/tags?post=1934"}],"curies":[{"name":"wp","href":"https:\/\/api.w.org\/{rel}","templated":true}]}}